{"id":1131,"date":"2023-03-20T11:11:53","date_gmt":"2023-03-20T11:11:53","guid":{"rendered":"http:\/\/www.rajapack.sk\/blog-sk\/?p=1131"},"modified":"2023-05-19T12:26:31","modified_gmt":"2023-05-19T12:26:31","slug":"novou-riaditelkou-skupiny-raja-pre-csr-a-udrzatelny-rozvoj-je-brigitte-thieck","status":"publish","type":"post","link":"https:\/\/www.rajapack.sk\/blog-sk\/novou-riaditelkou-skupiny-raja-pre-csr-a-udrzatelny-rozvoj-je-brigitte-thieck","title":{"rendered":"Novou riadite\u013ekou skupiny RAJA pre CSR a udr\u017eate\u013en\u00fd rozvoj je Brigitte Thieck"},"content":{"rendered":"<div id=\"ez-toc-container\" class=\"ez-toc-v2_0_67_1 counter-hierarchy ez-toc-counter ez-toc-grey ez-toc-container-direction\">\n<div class=\"ez-toc-title-container\">\n<p class=\"ez-toc-title \" >Obsah<\/p>\n<span class=\"ez-toc-title-toggle\"><a href=\"#\" class=\"ez-toc-pull-right ez-toc-btn ez-toc-btn-xs ez-toc-btn-default ez-toc-toggle\" aria-label=\"Toggle Table of Content\"><span class=\"ez-toc-js-icon-con\"><span class=\"\"><span class=\"eztoc-hide\" style=\"display:none;\">Toggle<\/span><span class=\"ez-toc-icon-toggle-span\"><svg style=\"fill: #999;color:#999\" xmlns=\"http:\/\/www.w3.org\/2000\/svg\" class=\"list-377408\" width=\"20px\" height=\"20px\" viewBox=\"0 0 24 24\" fill=\"none\"><path d=\"M6 6H4v2h2V6zm14 0H8v2h12V6zM4 11h2v2H4v-2zm16 0H8v2h12v-2zM4 16h2v2H4v-2zm16 0H8v2h12v-2z\" fill=\"currentColor\"><\/path><\/svg><svg style=\"fill: #999;color:#999\" class=\"arrow-unsorted-368013\" xmlns=\"http:\/\/www.w3.org\/2000\/svg\" width=\"10px\" height=\"10px\" viewBox=\"0 0 24 24\" version=\"1.2\" baseProfile=\"tiny\"><path d=\"M18.2 9.3l-6.2-6.3-6.2 6.3c-.2.2-.3.4-.3.7s.1.5.3.7c.2.2.4.3.7.3h11c.3 0 .5-.1.7-.3.2-.2.3-.5.3-.7s-.1-.5-.3-.7zM5.8 14.7l6.2 6.3 6.2-6.3c.2-.2.3-.5.3-.7s-.1-.5-.3-.7c-.2-.2-.4-.3-.7-.3h-11c-.3 0-.5.1-.7.3-.2.2-.3.5-.3.7s.1.5.3.7z\"\/><\/svg><\/span><\/span><\/span><\/a><\/span><\/div>\n<nav><ul class='ez-toc-list ez-toc-list-level-1 ' ><li class='ez-toc-page-1 ez-toc-heading-level-3'><a class=\"ez-toc-link ez-toc-heading-1\" href=\"https:\/\/www.rajapack.sk\/blog-sk\/novou-riaditelkou-skupiny-raja-pre-csr-a-udrzatelny-rozvoj-je-brigitte-thieck\/#Skupina_RAJA_europsky_lider_v_distribucii_obalov_kancelarskych_potrieb_a_priemyselneho_vybavenia_vytvorila_nove_oddelenie_pre_CSR_a_udrzatelny_rozvoj\" title=\"Skupina RAJA, eur\u00f3psky l\u00edder v distrib\u00facii obalov, kancel\u00e1rskych potrieb a priemyseln\u00e9ho vybavenia, vytvorila nov\u00e9 oddelenie pre CSR a udr\u017eate\u013en\u00fd rozvoj.\">Skupina RAJA, eur\u00f3psky l\u00edder v distrib\u00facii obalov, kancel\u00e1rskych potrieb a priemyseln\u00e9ho vybavenia, vytvorila nov\u00e9 oddelenie pre CSR a udr\u017eate\u013en\u00fd rozvoj.<\/a><\/li><li class='ez-toc-page-1 ez-toc-heading-level-3'><a class=\"ez-toc-link ez-toc-heading-2\" href=\"https:\/\/www.rajapack.sk\/blog-sk\/novou-riaditelkou-skupiny-raja-pre-csr-a-udrzatelny-rozvoj-je-brigitte-thieck\/#Ekologia_a_zodpovednost_je_pre_RAJA_prioritou_aj_na_Slovensku\" title=\"Ekol\u00f3gia a zodpovednos\u0165 je pre RAJA prioritou aj na Slovensku\">Ekol\u00f3gia a zodpovednos\u0165 je pre RAJA prioritou aj na Slovensku<\/a><\/li><li class='ez-toc-page-1 ez-toc-heading-level-3'><a class=\"ez-toc-link ez-toc-heading-3\" href=\"https:\/\/www.rajapack.sk\/blog-sk\/novou-riaditelkou-skupiny-raja-pre-csr-a-udrzatelny-rozvoj-je-brigitte-thieck\/#O_skupine_RAJA\" title=\"O skupine RAJA\">O skupine RAJA<\/a><\/li><\/ul><\/nav><\/div>\n<h3 style=\"text-align: justify;\"><span class=\"ez-toc-section\" id=\"Skupina_RAJA_europsky_lider_v_distribucii_obalov_kancelarskych_potrieb_a_priemyselneho_vybavenia_vytvorila_nove_oddelenie_pre_CSR_a_udrzatelny_rozvoj\"><\/span>Skupina RAJA, eur\u00f3psky l\u00edder v distrib\u00facii obalov, kancel\u00e1rskych potrieb a priemyseln\u00e9ho vybavenia, vytvorila nov\u00e9 oddelenie pre CSR a udr\u017eate\u013en\u00fd rozvoj.<span class=\"ez-toc-section-end\"><\/span><\/h3>\n<p style=\"text-align: justify;\">Oddelenie bolo zveren\u00e9 Brigitte Tieck, ktor\u00e1 sa tak pripojila do riadiaceho v\u00fdboru skupiny. Tieto kroky ovplyv\u0148uj\u00fa z\u00e1v\u00e4zky CSR a amb\u00edcie <a href=\"https:\/\/www.raja-group.com\/sk\/nasa-skupina\">skupiny RAJA<\/a>.<\/p>\n<p><img loading=\"lazy\" decoding=\"async\" class=\"size-medium wp-image-1085 aligncenter\" src=\"https:\/\/www.rajapack.sk\/blog-sk\/wp-content\/uploads\/briggitethieck.png\" alt=\"Brigitte Thieck\" width=\"300\" height=\"202\" \/><\/p>\n<p style=\"text-align: justify;\"><em>\u201eCSR aktivity s\u00fa pre skupinu RAJA prioritou,\u201c<\/em> vysvet\u013euje gener\u00e1lna riadite\u013eka RAJA Group Dani\u00e8le Kapel-Marcovici. <em>\u201eS rastom skupiny sa objavila potreba ma\u0165 \u0161pecializovan\u00e9 oddelenie, ktor\u00e9 dok\u00e1\u017ee riadi\u0165 a zavies\u0165 eur\u00f3psku CSR politiku. Chceme na\u0161im klientom poskytn\u00fa\u0165 t\u00fa najlep\u0161iu kvalitu pracovn\u00e9ho \u017eivota, posilni\u0165 \u00fasilie o\u00a0rodov\u00fa rovnos\u0165, minimalizova\u0165 na\u0161u environment\u00e1lnu stopu a pom\u00f4c\u0165 na\u0161im klientom dosiahnu\u0165 ich vlastn\u00e9 ciele. Vymenovanie Brigitte odr\u00e1\u017ea na\u0161u amb\u00edciu by\u0165 v na\u0161om sektore pr\u00edkladom.\u201c<\/em><\/p>\n<p style=\"text-align: justify;\"><strong>Brigitte Thieck<\/strong> bude zodpovedn\u00e1 za rozvoj a riadenie CSR strat\u00e9gie skupiny v jej 26 pobo\u010dk\u00e1ch a 19 krajin\u00e1ch, kde RAJA p\u00f4sob\u00ed. Brigitte Thieck sa ako riadite\u013eka zameriava na rozvoj CSR aktiv\u00edt a udr\u017eate\u013en\u00e9ho rozvoja, zni\u017eovanie emisi\u00ed CO2, n\u00e1kupn\u00fa politiku a rozvoj trvalo udr\u017eate\u013en\u00e9ho produktov\u00e9ho portf\u00f3lia, vr\u00e1tane 100 % recyklovan\u00fdch a recyklovate\u013en\u00fdch obalov vyroben\u00fdch v Eur\u00f3pe.<\/p>\n<p style=\"text-align: justify;\">Za t\u00fdmto \u00fa\u010delom bude Brigitte Thieck spolupracova\u0165 s r\u00f4znymi oddeleniami spolo\u010dnosti a ich stakeholdermi, vr\u00e1tane z\u00e1kazn\u00edkov, dod\u00e1vate\u013eov, finan\u010dn\u00fdch partnerov a asoci\u00e1ci\u00ed, s cie\u013eom urobi\u0165 z RAJA Group eur\u00f3pskeho l\u00eddra vo svojom sektore v oblasti CSR.<\/p>\n<p style=\"text-align: justify;\">Brigitte Thieck svoju kari\u00e9ru zasv\u00e4tila ekologick\u00e9mu smerovaniu firiem. Prv\u00fdch desa\u0165 rokov svojej kari\u00e9ry str\u00e1vila v spolo\u010dnostiach Suez a Veolia, kde pom\u00e1hala medzin\u00e1rodn\u00fdm spolo\u010dnostiam vo Franc\u00fazsku i v zahrani\u010d\u00ed zav\u00e1dza\u0165 ekologick\u00e9 slu\u017eby (recykl\u00e1cia odpadov, \u00faprava vody, energetika at\u010f.) V roku 2003 spoluzalo\u017eila priekopn\u00edcku CSR poradensk\u00fa firmu EcoEthic, ktor\u00fa riadila 15 rokov. Medzi rokmi 2008 a 2020 p\u00f4sobila Brigitte Thieck ako docentka v N\u00e1rodnom konzervat\u00f3riu umenia a remesiel, kde bola zodpovedn\u00e1 za magistersk\u00fd titul EHS a CSR Risk Management. Do roku 2017 bola tie\u017e poradky\u0148ou v Hospod\u00e1rskej, soci\u00e1lnej a environment\u00e1lnej rade regi\u00f3nu \u00cele-de-France. V rokoch 2020 a\u017e 2022 zast\u00e1vala Brigitte Thieck poz\u00edciu National Environment Manager &amp; ICPE (Facilities Classified for the Protection of the Environment) v logistickej spolo\u010dnosti Kuehne+Nagel.<\/p>\n<h3 style=\"text-align: justify;\"><span class=\"ez-toc-section\" id=\"Ekologia_a_zodpovednost_je_pre_RAJA_prioritou_aj_na_Slovensku\"><\/span><strong>Ekol\u00f3gia a zodpovednos<\/strong><strong>\u0165<\/strong><strong> je pre RAJA prioritou aj na Slovensku<\/strong><span class=\"ez-toc-section-end\"><\/span><\/h3>\n<p style=\"text-align: justify;\"><em>\u201eEkol\u00f3gia je pre n\u00e1s d\u00f4le\u017eit\u00e1, a preto v\u0161etky t\u00edmy skupiny RAJA usilovne pracuj\u00fa na zlep\u0161en\u00ed ekologick\u00fdch aspektov vo v\u0161etk\u00fdch oblastiach n\u00e1\u0161ho podnikania,\u201d<\/em> uv\u00e1dza Gabriela Fabianov\u00e1 gener\u00e1lna mana\u017e\u00e9rka pre \u010cesk\u00fa republiku a Slovensko. <em>\u201eOkrem toho, \u017ee RAJA je sama akt\u00edvna v environment\u00e1lnych t\u00e9mach, z\u00e1rove\u0148 akt\u00edvne ovplyv\u0148uje aj svojich dod\u00e1vate\u013eov a odberate\u013eov. Od na\u0161ich dod\u00e1vate\u013eov vy\u017eadujeme, aby sa pripojili k na\u0161ej Charte zodpovedn\u00e9ho n\u00e1kupu a udr\u017eate\u013en\u00e9ho rozvoja. V s\u00fa\u010dasnej dobe sa k nej pridali u\u017e v\u0161etci dod\u00e1vatelia, s ktor\u00fdmi spolupracujeme,\u201c<\/em> dod\u00e1va.<\/p>\n<p style=\"text-align: justify;\">Aby RAJA naplnila svoje <a href=\"https:\/\/www.rajapack.sk\/nase-zavazky_cms_000118.html\">environment\u00e1lne z\u00e1v\u00e4zky<\/a>, podnik\u00e1 mno\u017estvo krokov. Do ponuky s\u00fa neust\u00e1le prid\u00e1van\u00e9 <a href=\"https:\/\/www.rajapack.sk\/ekologicke-produkty_cms_000122.html\">ekologick\u00e9 rie\u0161enia<\/a>, ktor\u00fdmi je mo\u017en\u00e9 nahradi\u0165 be\u017en\u00e9 obaly a\u00a0jednoducho ich rozpozn\u00e1te pod\u013ea zelen\u00e9ho symbolu. Aj udr\u017eate\u013enos\u0165 logistick\u00fdch oper\u00e1ci\u00ed zlep\u0161\u00ed program, ktor\u00fd m\u00e1 za cie\u013e v roku 2023 zabezpe\u010di\u0165, \u017ee 40 % dopravy bude prev\u00e1dzkovan\u00fdch dopravn\u00fdmi prostriedkami so zn\u00ed\u017een\u00fdm ekologick\u00fdm dopadom. V posledn\u00fdch rokoch RAJA tie\u017e zni\u017eovala spotrebu tla\u010den\u00fdch materi\u00e1lov. Od 2015 sa zn\u00ed\u017eil objem tla\u010de katal\u00f3gov o 53 %, pre tla\u010d fyzick\u00fdch katal\u00f3gov je navy\u0161e pou\u017e\u00edvan\u00fd iba papier z udr\u017eate\u013en\u00fdch zdrojov (PEFC, FSC).<\/p>\n<p style=\"text-align: justify;\">Medzi \u010fal\u0161ie aktivity spolo\u010dnosti RAJA patr\u00ed aj vzdel\u00e1vanie a zvy\u0161ovanie informovanosti odberate\u013eov a koncov\u00fdch z\u00e1kazn\u00edkov. <em>\u201ePravidelne sa sna\u017e\u00edme na\u0161ich z\u00e1kazn\u00edkov zoznamova\u0165 na trhu s novinkami ekologick\u00e9ho balenia, poskytujeme im poradenstvo a pripravili sme pre nich 5 z\u00e1sad, ktor\u00e9 im pom\u00f4\u017eu k ekologickej\u0161iemu baleniu. S\u00fa to Redukcia, Opakovan\u00e9 pou\u017eitie, N\u00e1hrada, Obnova a Recykl\u00e1cia,\u201d<\/em> vysvet\u013euje Gabriela Fabianov\u00e1.<\/p>\n<h3 style=\"text-align: justify;\"><span class=\"ez-toc-section\" id=\"O_skupine_RAJA\"><\/span>O skupine RAJA<span class=\"ez-toc-section-end\"><\/span><\/h3>\n<p style=\"text-align: justify;\">RAJA je eur\u00f3pska jednotka na trhu obalov. Ako medzin\u00e1rodn\u00e1 spolo\u010dnos\u0165 franc\u00fazskeho p\u00f4vodu je zast\u00fapen\u00e1 v 19 eur\u00f3pskych zemiach prostredn\u00edctvom svojich 26 pobo\u010diek. Svojim z\u00e1kazn\u00edkom pon\u00faka viac ako 65 rokov sk\u00fasenost\u00ed a rozsiahly v\u00fdber obalov\u00fdch rie\u0161en\u00ed. V\u010faka st\u00e1lej inovat\u00edvnej strat\u00e9gii v spojen\u00ed s vysokou kompetenciou v produktovej oblasti pon\u00faka skupina RAJA naj\u0161ir\u0161\u00ed sortiment produktov, trhom osved\u010den\u00e9 techniky balenia a prvotriedny z\u00e1kazn\u00edcky servis.<\/p>\n<p style=\"text-align: justify;\"><a href=\"https:\/\/www.rajapack.sk\/o-spolocnost-rajapack\/spolocnost-raja_cms_000019.html\">Skupina RAJA<\/a> obsluhuje viac ne\u017e 2 mili\u00f3ny z\u00e1kazn\u00edkov v Eur\u00f3pe, od start-upov po nadn\u00e1rodn\u00e9 spolo\u010dnosti, v r\u00f4znych odvetviach: distrib\u00facia, priemysel, elektronick\u00fd obchod, slu\u017eby a verejn\u00fd sektor.<\/p>\n<p style=\"text-align: justify;\">RAJA je nez\u00e1visl\u00e1 rodinn\u00e1 franc\u00fazska firma zalo\u017een\u00e1 v roku 1954. Vyzna\u010duje sa predov\u0161etk\u00fdm vysokou kvalitou svojich produktov a \u00fazkymi vz\u0165ahmi so svojimi z\u00e1kazn\u00edkmi.<\/p>\n<p style=\"text-align: justify;\">Skupina RAJA so s\u00eddlom v Par\u00ed\u017ei m\u00e1 celkom 4500 zamestnancov a v roku 2021 dosiahla obrat vo v\u00fd\u0161ke 1,2 miliardy eur. Nad\u00e1cia RAJA-Daniele Marcovici bola zalo\u017een\u00e1 v roku 2006 a poskytuje finan\u010dn\u00fa <a href=\"https:\/\/www.rajapack.sk\/zeny-a-zivotne-prostredie_cms_000048.html\">podporu projektom<\/a>, ktor\u00e9 podporuj\u00fa soci\u00e1lnu a ekonomick\u00fa auton\u00f3miu \u017eien a diev\u010dat vo Franc\u00fazsku a po celom svete. Za posledn\u00fdch 16 rokov nad\u00e1cia podporila 600 projektov realizovan\u00fdch 312 mimovl\u00e1dnymi organiz\u00e1ciami s celkov\u00fdm rozpo\u010dtom viac ne\u017e 12 mili\u00f3nov eur.<\/p>\n","protected":false},"excerpt":{"rendered":"<p>Skupina RAJA, eur\u00f3psky l\u00edder v distrib\u00facii obalov, kancel\u00e1rskych potrieb a priemyseln\u00e9ho vybavenia, vytvorila nov\u00e9 oddelenie pre CSR a udr\u017eate\u013en\u00fd rozvoj. Oddelenie bolo zveren\u00e9 Brigitte Tieck, ktor\u00e1 sa tak pripojila do [&#8230;]<\/p>\n","protected":false},"author":64,"featured_media":900,"comment_status":"open","ping_status":"closed","sticky":false,"template":"","format":"standard","meta":{"_acf_changed":false,"footnotes":""},"categories":[112,109],"tags":[32,66,111],"class_list":["post-1131","post","type-post","status-publish","format-standard","has-post-thumbnail","hentry","category-ekologia-v-obaloch","category-udalosti-v-rajapack","tag-ekologia","tag-novinky","tag-sluzby"],"acf":[],"yoast_head":"\n<title>Skupina RAJA m\u00e1 nov\u00fa riadite\u013eku pre CSR a udr\u017eate\u013en\u00fd rozvoj<\/title>\n<meta name=\"description\" content=\"Pre skupinu RAJA s\u00fa ekol\u00f3gia, zodpovednos\u0165 a udr\u017eate\u013enos\u0165 k\u013e\u00fa\u010dov\u00fdmi t\u00e9mami, a preto vytvorila nov\u00e9 oddelenie CSR a udr\u017eate\u013en\u00fd rozvoj.\" \/>\n<meta name=\"robots\" content=\"index, follow, max-snippet:-1, max-image-preview:large, max-video-preview:-1\" \/>\n<link rel=\"canonical\" href=\"https:\/\/www.rajapack.sk\/blog-sk\/novou-riaditelkou-skupiny-raja-pre-csr-a-udrzatelny-rozvoj-je-brigitte-thieck\" \/>\n<meta property=\"og:locale\" content=\"sk_SK\" \/>\n<meta property=\"og:type\" content=\"article\" \/>\n<meta property=\"og:title\" content=\"Skupina RAJA m\u00e1 nov\u00fa riadite\u013eku pre CSR a udr\u017eate\u013en\u00fd rozvoj\" \/>\n<meta property=\"og:description\" content=\"Pre skupinu RAJA s\u00fa ekol\u00f3gia, zodpovednos\u0165 a udr\u017eate\u013enos\u0165 k\u013e\u00fa\u010dov\u00fdmi t\u00e9mami, a preto vytvorila nov\u00e9 oddelenie CSR a udr\u017eate\u013en\u00fd rozvoj.\" \/>\n<meta property=\"og:url\" content=\"https:\/\/www.rajapack.sk\/blog-sk\/novou-riaditelkou-skupiny-raja-pre-csr-a-udrzatelny-rozvoj-je-brigitte-thieck\" \/>\n<meta property=\"og:site_name\" content=\"Z\u00edskajte odborn\u00e9 tipy na logistiku a balenie | Rajapack\" \/>\n<meta property=\"article:published_time\" content=\"2023-03-20T11:11:53+00:00\" \/>\n<meta property=\"article:modified_time\" content=\"2023-05-19T12:26:31+00:00\" \/>\n<meta property=\"og:image\" content=\"https:\/\/www.rajapack.sk\/blog-sk\/wp-content\/uploads\/2021\/04\/environmental-protection-683437_1280.jpg\" \/>\n\t<meta property=\"og:image:width\" content=\"1280\" \/>\n\t<meta property=\"og:image:height\" content=\"720\" \/>\n\t<meta property=\"og:image:type\" content=\"image\/jpeg\" \/>\n<meta name=\"author\" content=\"marcella jokalova\" \/>\n<meta name=\"twitter:card\" content=\"summary_large_image\" \/>\n<meta name=\"twitter:label1\" content=\"Autor\" \/>\n\t<meta name=\"twitter:data1\" content=\"marcella jokalova\" \/>\n\t<meta name=\"twitter:label2\" content=\"Predpokladan\u00fd \u010das \u010d\u00edtania\" \/>\n\t<meta name=\"twitter:data2\" content=\"5 min\u00fat\" \/>\n<script type=\"application\/ld+json\" class=\"yoast-schema-graph\">{\n\t    \"@context\": \"https:\/\/schema.org\",\n\t    \"@graph\": [\n\t        {\n\t            \"@type\": \"WebPage\",\n\t            \"@id\": \"https:\/\/www.rajapack.sk\/blog-sk\/novou-riaditelkou-skupiny-raja-pre-csr-a-udrzatelny-rozvoj-je-brigitte-thieck\",\n\t            \"url\": \"https:\/\/www.rajapack.sk\/blog-sk\/novou-riaditelkou-skupiny-raja-pre-csr-a-udrzatelny-rozvoj-je-brigitte-thieck\",\n\t            \"name\": \"Skupina RAJA m\u00e1 nov\u00fa riadite\u013eku pre CSR a udr\u017eate\u013en\u00fd rozvoj\",\n\t            \"isPartOf\": {\n\t                \"@id\": \"https:\/\/www.rajapack.sk\/blog-sk\/#website\"\n\t            },\n\t            \"primaryImageOfPage\": {\n\t                \"@id\": \"https:\/\/www.rajapack.sk\/blog-sk\/novou-riaditelkou-skupiny-raja-pre-csr-a-udrzatelny-rozvoj-je-brigitte-thieck#primaryimage\"\n\t            },\n\t            \"image\": {\n\t                \"@id\": \"https:\/\/www.rajapack.sk\/blog-sk\/novou-riaditelkou-skupiny-raja-pre-csr-a-udrzatelny-rozvoj-je-brigitte-thieck#primaryimage\"\n\t            },\n\t            \"thumbnailUrl\": \"https:\/\/www.rajapack.sk\/blog-sk\/wp-content\/uploads\/2021\/04\/environmental-protection-683437_1280.jpg\",\n\t            \"datePublished\": \"2023-03-20T11:11:53+00:00\",\n\t            \"dateModified\": \"2023-05-19T12:26:31+00:00\",\n\t            \"author\": {\n\t                \"@id\": \"https:\/\/www.rajapack.sk\/blog-sk\/#\/schema\/person\/f85cea9d8c18ceaf05866ccc74bae78f\"\n\t            },\n\t            \"description\": \"Pre skupinu RAJA s\u00fa ekol\u00f3gia, zodpovednos\u0165 a udr\u017eate\u013enos\u0165 k\u013e\u00fa\u010dov\u00fdmi t\u00e9mami, a preto vytvorila nov\u00e9 oddelenie CSR a udr\u017eate\u013en\u00fd rozvoj.\",\n\t            \"inLanguage\": \"sk-SK\",\n\t            \"potentialAction\": [\n\t                {\n\t                    \"@type\": \"ReadAction\",\n\t                    \"target\": [\n\t                        \"https:\/\/www.rajapack.sk\/blog-sk\/novou-riaditelkou-skupiny-raja-pre-csr-a-udrzatelny-rozvoj-je-brigitte-thieck\"\n\t                    ]\n\t                }\n\t            ]\n\t        },\n\t        {\n\t            \"@type\": \"ImageObject\",\n\t            \"inLanguage\": \"sk-SK\",\n\t            \"@id\": \"https:\/\/www.rajapack.sk\/blog-sk\/novou-riaditelkou-skupiny-raja-pre-csr-a-udrzatelny-rozvoj-je-brigitte-thieck#primaryimage\",\n\t            \"url\": \"https:\/\/www.rajapack.sk\/blog-sk\/wp-content\/uploads\/2021\/04\/environmental-protection-683437_1280.jpg\",\n\t            \"contentUrl\": \"https:\/\/www.rajapack.sk\/blog-sk\/wp-content\/uploads\/2021\/04\/environmental-protection-683437_1280.jpg\",\n\t            \"width\": 1280,\n\t            \"height\": 720\n\t        },\n\t        {\n\t            \"@type\": \"WebSite\",\n\t            \"@id\": \"https:\/\/www.rajapack.sk\/blog-sk\/#website\",\n\t            \"url\": \"https:\/\/www.rajapack.sk\/blog-sk\/\",\n\t            \"name\": \"Z\u00edskajte odborn\u00e9 tipy na logistiku a balenie | Rajapack\",\n\t            \"description\": \"Pre\u010d\u00edtajte si najnov\u0161ie \u010dl\u00e1nky, tipy a triky oh\u013eadom balenia, logistiky a ekologick\u00fdch obalov na na\u0161om blogu. In\u0161pirujte sa!\",\n\t            \"potentialAction\": [\n\t                {\n\t                    \"@type\": \"SearchAction\",\n\t                    \"target\": {\n\t                        \"@type\": \"EntryPoint\",\n\t                        \"urlTemplate\": \"https:\/\/www.rajapack.sk\/blog-sk\/?s={search_term_string}\"\n\t                    },\n\t                    \"query-input\": \"required name=search_term_string\"\n\t                }\n\t            ],\n\t            \"inLanguage\": \"sk-SK\"\n\t        },\n\t        {\n\t            \"@type\": \"Person\",\n\t            \"@id\": \"https:\/\/www.rajapack.sk\/blog-sk\/#\/schema\/person\/f85cea9d8c18ceaf05866ccc74bae78f\",\n\t            \"name\": \"marcella jokalova\",\n\t            \"image\": {\n\t                \"@type\": \"ImageObject\",\n\t                \"inLanguage\": \"sk-SK\",\n\t                \"@id\": \"https:\/\/www.rajapack.sk\/blog-sk\/#\/schema\/person\/image\/\",\n\t                \"url\": \"https:\/\/secure.gravatar.com\/avatar\/e17aa23b8a2e426d75877645e808cac4?s=96&d=mm&r=g\",\n\t                \"contentUrl\": \"https:\/\/secure.gravatar.com\/avatar\/e17aa23b8a2e426d75877645e808cac4?s=96&d=mm&r=g\",\n\t                \"caption\": \"marcella jokalova\"\n\t            },\n\t            \"url\": \"https:\/\/www.rajapack.sk\/blog-sk\/author\/mjokalovarajapack-cz\"\n\t        }\n\t    ]\n\t}<\/script>\n","yoast_head_json":{"title":"Skupina RAJA m\u00e1 nov\u00fa riadite\u013eku pre CSR a udr\u017eate\u013en\u00fd rozvoj","description":"Pre skupinu RAJA s\u00fa ekol\u00f3gia, zodpovednos\u0165 a udr\u017eate\u013enos\u0165 k\u013e\u00fa\u010dov\u00fdmi t\u00e9mami, a preto vytvorila nov\u00e9 oddelenie CSR a udr\u017eate\u013en\u00fd rozvoj.","robots":{"index":"index","follow":"follow","max-snippet":"max-snippet:-1","max-image-preview":"max-image-preview:large","max-video-preview":"max-video-preview:-1"},"canonical":"https:\/\/www.rajapack.sk\/blog-sk\/novou-riaditelkou-skupiny-raja-pre-csr-a-udrzatelny-rozvoj-je-brigitte-thieck","og_locale":"sk_SK","og_type":"article","og_title":"Skupina RAJA m\u00e1 nov\u00fa riadite\u013eku pre CSR a udr\u017eate\u013en\u00fd rozvoj","og_description":"Pre skupinu RAJA s\u00fa ekol\u00f3gia, zodpovednos\u0165 a udr\u017eate\u013enos\u0165 k\u013e\u00fa\u010dov\u00fdmi t\u00e9mami, a preto vytvorila nov\u00e9 oddelenie CSR a udr\u017eate\u013en\u00fd rozvoj.","og_url":"https:\/\/www.rajapack.sk\/blog-sk\/novou-riaditelkou-skupiny-raja-pre-csr-a-udrzatelny-rozvoj-je-brigitte-thieck","og_site_name":"Z\u00edskajte odborn\u00e9 tipy na logistiku a balenie | Rajapack","article_published_time":"2023-03-20T11:11:53+00:00","article_modified_time":"2023-05-19T12:26:31+00:00","og_image":[{"width":1280,"height":720,"url":"https:\/\/www.rajapack.sk\/blog-sk\/wp-content\/uploads\/2021\/04\/environmental-protection-683437_1280.jpg","type":"image\/jpeg"}],"author":"marcella jokalova","twitter_card":"summary_large_image","twitter_misc":{"Autor":"marcella jokalova","Predpokladan\u00fd \u010das \u010d\u00edtania":"5 min\u00fat"},"schema":{"@context":"https:\/\/schema.org","@graph":[{"@type":"WebPage","@id":"https:\/\/www.rajapack.sk\/blog-sk\/novou-riaditelkou-skupiny-raja-pre-csr-a-udrzatelny-rozvoj-je-brigitte-thieck","url":"https:\/\/www.rajapack.sk\/blog-sk\/novou-riaditelkou-skupiny-raja-pre-csr-a-udrzatelny-rozvoj-je-brigitte-thieck","name":"Skupina RAJA m\u00e1 nov\u00fa riadite\u013eku pre CSR a udr\u017eate\u013en\u00fd rozvoj","isPartOf":{"@id":"https:\/\/www.rajapack.sk\/blog-sk\/#website"},"primaryImageOfPage":{"@id":"https:\/\/www.rajapack.sk\/blog-sk\/novou-riaditelkou-skupiny-raja-pre-csr-a-udrzatelny-rozvoj-je-brigitte-thieck#primaryimage"},"image":{"@id":"https:\/\/www.rajapack.sk\/blog-sk\/novou-riaditelkou-skupiny-raja-pre-csr-a-udrzatelny-rozvoj-je-brigitte-thieck#primaryimage"},"thumbnailUrl":"https:\/\/www.rajapack.sk\/blog-sk\/wp-content\/uploads\/2021\/04\/environmental-protection-683437_1280.jpg","datePublished":"2023-03-20T11:11:53+00:00","dateModified":"2023-05-19T12:26:31+00:00","author":{"@id":"https:\/\/www.rajapack.sk\/blog-sk\/#\/schema\/person\/f85cea9d8c18ceaf05866ccc74bae78f"},"description":"Pre skupinu RAJA s\u00fa ekol\u00f3gia, zodpovednos\u0165 a udr\u017eate\u013enos\u0165 k\u013e\u00fa\u010dov\u00fdmi t\u00e9mami, a preto vytvorila nov\u00e9 oddelenie CSR a udr\u017eate\u013en\u00fd rozvoj.","inLanguage":"sk-SK","potentialAction":[{"@type":"ReadAction","target":["https:\/\/www.rajapack.sk\/blog-sk\/novou-riaditelkou-skupiny-raja-pre-csr-a-udrzatelny-rozvoj-je-brigitte-thieck"]}]},{"@type":"ImageObject","inLanguage":"sk-SK","@id":"https:\/\/www.rajapack.sk\/blog-sk\/novou-riaditelkou-skupiny-raja-pre-csr-a-udrzatelny-rozvoj-je-brigitte-thieck#primaryimage","url":"https:\/\/www.rajapack.sk\/blog-sk\/wp-content\/uploads\/2021\/04\/environmental-protection-683437_1280.jpg","contentUrl":"https:\/\/www.rajapack.sk\/blog-sk\/wp-content\/uploads\/2021\/04\/environmental-protection-683437_1280.jpg","width":1280,"height":720},{"@type":"WebSite","@id":"https:\/\/www.rajapack.sk\/blog-sk\/#website","url":"https:\/\/www.rajapack.sk\/blog-sk\/","name":"Z\u00edskajte odborn\u00e9 tipy na logistiku a balenie | Rajapack","description":"Pre\u010d\u00edtajte si najnov\u0161ie \u010dl\u00e1nky, tipy a triky oh\u013eadom balenia, logistiky a ekologick\u00fdch obalov na na\u0161om blogu. In\u0161pirujte sa!","potentialAction":[{"@type":"SearchAction","target":{"@type":"EntryPoint","urlTemplate":"https:\/\/www.rajapack.sk\/blog-sk\/?s={search_term_string}"},"query-input":"required name=search_term_string"}],"inLanguage":"sk-SK"},{"@type":"Person","@id":"https:\/\/www.rajapack.sk\/blog-sk\/#\/schema\/person\/f85cea9d8c18ceaf05866ccc74bae78f","name":"marcella jokalova","image":{"@type":"ImageObject","inLanguage":"sk-SK","@id":"https:\/\/www.rajapack.sk\/blog-sk\/#\/schema\/person\/image\/","url":"https:\/\/secure.gravatar.com\/avatar\/e17aa23b8a2e426d75877645e808cac4?s=96&d=mm&r=g","contentUrl":"https:\/\/secure.gravatar.com\/avatar\/e17aa23b8a2e426d75877645e808cac4?s=96&d=mm&r=g","caption":"marcella jokalova"},"url":"https:\/\/www.rajapack.sk\/blog-sk\/author\/mjokalovarajapack-cz"}]}},"_links":{"self":[{"href":"https:\/\/www.rajapack.sk\/blog-sk\/wp-json\/wp\/v2\/posts\/1131"}],"collection":[{"href":"https:\/\/www.rajapack.sk\/blog-sk\/wp-json\/wp\/v2\/posts"}],"about":[{"href":"https:\/\/www.rajapack.sk\/blog-sk\/wp-json\/wp\/v2\/types\/post"}],"author":[{"embeddable":true,"href":"https:\/\/www.rajapack.sk\/blog-sk\/wp-json\/wp\/v2\/users\/64"}],"replies":[{"embeddable":true,"href":"https:\/\/www.rajapack.sk\/blog-sk\/wp-json\/wp\/v2\/comments?post=1131"}],"version-history":[{"count":7,"href":"https:\/\/www.rajapack.sk\/blog-sk\/wp-json\/wp\/v2\/posts\/1131\/revisions"}],"predecessor-version":[{"id":1394,"href":"https:\/\/www.rajapack.sk\/blog-sk\/wp-json\/wp\/v2\/posts\/1131\/revisions\/1394"}],"wp:featuredmedia":[{"embeddable":true,"href":"https:\/\/www.rajapack.sk\/blog-sk\/wp-json\/wp\/v2\/media\/900"}],"wp:attachment":[{"href":"https:\/\/www.rajapack.sk\/blog-sk\/wp-json\/wp\/v2\/media?parent=1131"}],"wp:term":[{"taxonomy":"category","embeddable":true,"href":"https:\/\/www.rajapack.sk\/blog-sk\/wp-json\/wp\/v2\/categories?post=1131"},{"taxonomy":"post_tag","embeddable":true,"href":"https:\/\/www.rajapack.sk\/blog-sk\/wp-json\/wp\/v2\/tags?post=1131"}],"curies":[{"name":"wp","href":"https:\/\/api.w.org\/{rel}","templated":true}]}}