{"id":2028,"date":"2025-07-22T11:54:53","date_gmt":"2025-07-22T11:54:53","guid":{"rendered":"https:\/\/www.rajapack.sk\/blog-sk\/?p=2028"},"modified":"2025-07-23T08:20:02","modified_gmt":"2025-07-23T08:20:02","slug":"letna-sezona-v-e-commerce-preco-univerzalny-obal-nestaci","status":"publish","type":"post","link":"https:\/\/www.rajapack.sk\/blog-sk\/letna-sezona-v-e-commerce-preco-univerzalny-obal-nestaci","title":{"rendered":"Letn\u00e1 sez\u00f3na v e-commerce: Pre\u010do univerz\u00e1lny obal nesta\u010d\u00ed?"},"content":{"rendered":"<p data-start=\"91\" data-end=\"393\"><strong data-start=\"91\" data-end=\"140\">Letn\u00e9 balenie pre e-shopy <\/strong>m\u00e1 svoje \u0161pecifik\u00e1. Z\u00e1kazn\u00edci nakupuj\u00fa impulz\u00edvnej\u0161ie, \u010dastej\u0161ie a o\u010dak\u00e1vaj\u00fa r\u00fdchle, bezpe\u010dn\u00e9 a atrakt\u00edvne doru\u010denie. Len\u017ee zatia\u013e \u010do plavky zabal\u00edte do elegantn\u00e9ho vrecka, pri priesad\u00e1ch u\u017e zohr\u00e1va rolu odvetr\u00e1vanie \u2013 a pri potravin\u00e1ch zasa hygiena a ochrana pred teplom.<\/p>\n<p data-start=\"395\" data-end=\"583\">A t\u00fdm to nekon\u010d\u00ed. Sez\u00f3nny n\u00e1por za\u017e\u00edvaj\u00fa aj segmenty ako kozmetika \u010di elektronika, kde obal rozhoduje nielen o ochrane produktu, ale aj o splnen\u00ed legislat\u00edvnych \u010di estetick\u00fdch po\u017eiadaviek.<\/p>\n<p data-start=\"585\" data-end=\"838\"><strong data-start=\"585\" data-end=\"635\">Pre\u010do teda nesta\u010d\u00ed jedno univerz\u00e1lne rie\u0161enie?<\/strong> Preto\u017ee ka\u017ed\u00fd segment m\u00e1 in\u00e9 potreby. A pr\u00e1ve letn\u00e1 sez\u00f3na je testom, ako dobre ich dok\u00e1\u017eete zvl\u00e1dnu\u0165. Pozrime sa na p\u00e4\u0165 letn\u00fdch pr\u00edkladov a uk\u00e1\u017eme si konkr\u00e9tne obalov\u00e9 rie\u0161enia, ktor\u00e9 skuto\u010dne funguj\u00fa.<\/p>\n<div id=\"ez-toc-container\" class=\"ez-toc-v2_0_67_1 counter-hierarchy ez-toc-counter ez-toc-grey ez-toc-container-direction\">\n<div class=\"ez-toc-title-container\">\n<p class=\"ez-toc-title \" >Obsah<\/p>\n<span class=\"ez-toc-title-toggle\"><a href=\"#\" class=\"ez-toc-pull-right ez-toc-btn ez-toc-btn-xs ez-toc-btn-default ez-toc-toggle\" aria-label=\"Toggle Table of Content\"><span class=\"ez-toc-js-icon-con\"><span class=\"\"><span class=\"eztoc-hide\" style=\"display:none;\">Toggle<\/span><span class=\"ez-toc-icon-toggle-span\"><svg style=\"fill: #999;color:#999\" xmlns=\"http:\/\/www.w3.org\/2000\/svg\" class=\"list-377408\" width=\"20px\" height=\"20px\" viewBox=\"0 0 24 24\" fill=\"none\"><path d=\"M6 6H4v2h2V6zm14 0H8v2h12V6zM4 11h2v2H4v-2zm16 0H8v2h12v-2zM4 16h2v2H4v-2zm16 0H8v2h12v-2z\" fill=\"currentColor\"><\/path><\/svg><svg style=\"fill: #999;color:#999\" class=\"arrow-unsorted-368013\" xmlns=\"http:\/\/www.w3.org\/2000\/svg\" width=\"10px\" height=\"10px\" viewBox=\"0 0 24 24\" version=\"1.2\" baseProfile=\"tiny\"><path d=\"M18.2 9.3l-6.2-6.3-6.2 6.3c-.2.2-.3.4-.3.7s.1.5.3.7c.2.2.4.3.7.3h11c.3 0 .5-.1.7-.3.2-.2.3-.5.3-.7s-.1-.5-.3-.7zM5.8 14.7l6.2 6.3 6.2-6.3c.2-.2.3-.5.3-.7s-.1-.5-.3-.7c-.2-.2-.4-.3-.7-.3h-11c-.3 0-.5.1-.7.3-.2.2-.3.5-.3.7s.1.5.3.7z\"\/><\/svg><\/span><\/span><\/span><\/a><\/span><\/div>\n<nav><ul class='ez-toc-list ez-toc-list-level-1 ' ><li class='ez-toc-page-1 ez-toc-heading-level-2'><a class=\"ez-toc-link ez-toc-heading-1\" href=\"https:\/\/www.rajapack.sk\/blog-sk\/letna-sezona-v-e-commerce-preco-univerzalny-obal-nestaci\/#Moda_rychlost_estetika_efekt\" title=\"M\u00f3da: r\u00fdchlos\u0165, estetika, efekt\">M\u00f3da: r\u00fdchlos\u0165, estetika, efekt<\/a><\/li><li class='ez-toc-page-1 ez-toc-heading-level-2'><a class=\"ez-toc-link ez-toc-heading-2\" href=\"https:\/\/www.rajapack.sk\/blog-sk\/letna-sezona-v-e-commerce-preco-univerzalny-obal-nestaci\/#Zahradnictvo_pevnost_odvetranie_stabilita\" title=\"Z\u00e1hradn\u00edctvo: pevnos\u0165, odvetranie, stabilita\">Z\u00e1hradn\u00edctvo: pevnos\u0165, odvetranie, stabilita<\/a><\/li><li class='ez-toc-page-1 ez-toc-heading-level-2'><a class=\"ez-toc-link ez-toc-heading-3\" href=\"https:\/\/www.rajapack.sk\/blog-sk\/letna-sezona-v-e-commerce-preco-univerzalny-obal-nestaci\/#Potraviny_ochrana_cerstvost_hygiena\" title=\"Potraviny: ochrana, \u010derstvos\u0165, hygiena\">Potraviny: ochrana, \u010derstvos\u0165, hygiena<\/a><\/li><li class='ez-toc-page-1 ez-toc-heading-level-2'><a class=\"ez-toc-link ez-toc-heading-4\" href=\"https:\/\/www.rajapack.sk\/blog-sk\/letna-sezona-v-e-commerce-preco-univerzalny-obal-nestaci\/#Kozmetika_ochrana_estetika_sulad_s_legislativou\" title=\"Kozmetika: ochrana, estetika, s\u00falad s legislat\u00edvou\">Kozmetika: ochrana, estetika, s\u00falad s legislat\u00edvou<\/a><\/li><li class='ez-toc-page-1 ez-toc-heading-level-2'><a class=\"ez-toc-link ez-toc-heading-5\" href=\"https:\/\/www.rajapack.sk\/blog-sk\/letna-sezona-v-e-commerce-preco-univerzalny-obal-nestaci\/#Elektronika_bezpecnost_antistaticka_ochrana_znacenie\" title=\"Elektronika: bezpe\u010dnos\u0165, antistatick\u00e1 ochrana, zna\u010denie\">Elektronika: bezpe\u010dnos\u0165, antistatick\u00e1 ochrana, zna\u010denie<\/a><\/li><li class='ez-toc-page-1 ez-toc-heading-level-2'><a class=\"ez-toc-link ez-toc-heading-6\" href=\"https:\/\/www.rajapack.sk\/blog-sk\/letna-sezona-v-e-commerce-preco-univerzalny-obal-nestaci\/#V_lete_rozhoduju_detaily%E2%80%A6\" title=\"V lete rozhoduj\u00fa detaily&#8230;\">V lete rozhoduj\u00fa detaily&#8230;<\/a><\/li><\/ul><\/nav><\/div>\n<h2 data-start=\"845\" data-end=\"883\"><span class=\"ez-toc-section\" id=\"Moda_rychlost_estetika_efekt\"><\/span>M\u00f3da: r\u00fdchlos\u0165, estetika, efekt<span class=\"ez-toc-section-end\"><\/span><\/h2>\n<p data-start=\"885\" data-end=\"1178\">Letn\u00e1 m\u00f3da sa pred\u00e1va vo vln\u00e1ch. Raz s\u00fa hitom pare\u00e1, inokedy slamen\u00e9 klob\u00faky. E-shopy musia zvl\u00e1da\u0165 n\u00e1razov\u00e9 objedn\u00e1vky, \u010dasto vo viacer\u00fdch variantoch (\u201evezmem si tie \u0161aty v dvoch ve\u013ekostiach, jednu potom vr\u00e1tim\u201c). Z\u00e1kazn\u00edk navy\u0161e o\u010dak\u00e1va \u0161t\u00fdlov\u00fd a \u201eInstagram-friendly\u201c z\u00e1\u017eitok z rozba\u013eovania.<\/p>\n<p data-start=\"1180\" data-end=\"1194\"><strong data-start=\"1180\" data-end=\"1194\">\u0160pecifik\u00e1:<\/strong><\/p>\n<ul>\n<li data-start=\"1198\" data-end=\"1240\">\u013dahk\u00fd, skladn\u00fd a \u010dasto vracan\u00fd sortiment<\/li>\n<li data-start=\"1243\" data-end=\"1295\">Objedn\u00e1vky s viacer\u00fdmi kusmi kv\u00f4li v\u00fdberu ve\u013ekosti<\/li>\n<li data-start=\"1298\" data-end=\"1335\">Vysok\u00fd d\u00f4raz na \u201eunboxing experience\u201c<\/li>\n<\/ul>\n<p data-start=\"1337\" data-end=\"1595\"><strong data-start=\"1337\" data-end=\"1358\">Vedeli ste, \u017ee&#8230;<\/strong><br data-start=\"1358\" data-end=\"1361\" \/>Z\u00e1kazn\u00edk si vytvor\u00ed dojem z bal\u00edka u\u017e v prv\u00fdch 7 sekund\u00e1ch \u2013 a obal hr\u00e1 hlavn\u00fa rolu. V niektor\u00fdch segmentoch m\u00f3dy (napr. pr\u00e9miov\u00e1 kozmetika \u010di fashion) prispieva kvalitn\u00e9 balenie k vy\u0161\u0161ej ochote zdie\u013ea\u0165 n\u00e1kup na soci\u00e1lnych sie\u0165ach.<\/p>\n<p data-start=\"1597\" data-end=\"1626\"><strong data-start=\"1597\" data-end=\"1626\">Odpor\u00fa\u010dan\u00e9 obaly od RAJA:<\/strong><\/p>\n<ul>\n<li><a href=\"https:\/\/www.rajapack.sk\/kartonove-krabice\/klopove\/automaticke-dno-a-samolepiaci-pruzok_OFF_CZ_0849.html\">Krabice so samolepiacim p\u00e1sikom a automatick\u00fdm dnom<\/a> \u2013 v\u00fdrazne \u0161etr\u00ed \u010das pri balen\u00ed aj otv\u00e1ran\u00ed z\u00e1sielok<\/li>\n<\/ul>\n<p><img loading=\"lazy\" decoding=\"async\" class=\"\" src=\"https:\/\/raja.scene7.com\/is\/image\/Raja\/products\/krabice-automatick-dnem-samolepic-prou-kem-raja_OFF_CZ_0849.jpg?image=M_PF50_O_A1_FR$default$&amp;hei=600&amp;wid=600&amp;fmt=jpg&amp;qlt=85,0&amp;resMode=sharp2&amp;op_usm=1.75,0.3,2,0\" alt=\"Krabice s automatick\u00fdm dnem a samolepic\u00edm prou\u017ekem | RAJA - 2\" width=\"250\" height=\"250\" \/><img loading=\"lazy\" decoding=\"async\" class=\"\" src=\"https:\/\/raja.scene7.com\/is\/image\/Raja\/products\/krabice-automatick-dnem-samolepic-prou-kem-raja_OFF_CZ_0849.jpg?template=withpicto600&amp;$image=M_PF50_O_A2_FR&amp;$picto=NoPicto&amp;hei=600&amp;wid=600&amp;fmt=jpg&amp;qlt=85,0&amp;resMode=sharp2&amp;op_usm=1.75,0.3,2,0\" alt=\"Krabice s automatick\u00fdm dnem a samolepic\u00edm prou\u017ekem | RAJA - 1\" width=\"279\" height=\"279\" \/><img loading=\"lazy\" decoding=\"async\" class=\"\" src=\"https:\/\/raja.scene7.com\/is\/image\/Raja\/products\/krabice-automatick-dnem-samolepic-prou-kem-raja_OFF_CZ_0849.jpg?image=M_PF50_O_A5_FR$default$&amp;hei=600&amp;wid=600&amp;fmt=jpg&amp;qlt=85,0&amp;resMode=sharp2&amp;op_usm=1.75,0.3,2,0\" alt=\"Krabice s automatick\u00fdm dnem a samolepic\u00edm prou\u017ekem | RAJA - 4\" width=\"254\" height=\"254\" \/><\/p>\n<ul>\n<li data-start=\"240\" data-end=\"304\"><a href=\"https:\/\/www.rajapack.cz\/tasky-darkove-baleni\/darkovy-balici-material\/barevny-hedvabny-papir_OFF_CZ_0129.html\">Hodv\u00e1bny papier<\/a> \u2013 ochr\u00e1ni odev a vytvor\u00ed \u201edar\u010dekov\u00fd efekt\u201c<\/li>\n<li data-start=\"307\" data-end=\"459\"><a href=\"https:\/\/www.rajapack.sk\/tasky-darcekove-balenie\/papierove-tasky\/taska-v-tvare-krabice_OFF_CZ_0891.html\">Znovuuzatv\u00e1rate\u013en\u00e1 ta\u0161ka v tvare krabice<\/a> \u2013 ide\u00e1lna pre v\u00fdrobky r\u00f4znych tvarov a jednoduch\u00e9 vr\u00e1tenie tovaru bez po\u0161kodenia v\u010faka vystu\u017eenej lepenke<\/li>\n<li data-start=\"462\" data-end=\"534\"><a href=\"https:\/\/www.rajapack.sk\/tasky-darcekove-balenie\/darcekove-obaly-sacky-obalky\/sacky\/darcekove-sacky-lakovaneho-papiera_OFF_CZ_0112.html\">Ta\u0161ky z lakovan\u00e9ho papiera<\/a> \u2013 pre exkluz\u00edvny tovar a pr\u00e9miov\u00fd dojem<\/li>\n<li data-start=\"537\" data-end=\"625\"><a href=\"https:\/\/www.rajapack.sk\/tasky-darcekove-balenie\/darcekove-obaly-sacky-obalky\/krabice\/darcekova-krabicka-s-magnetom_OFF_CZ_0953.html\">Dar\u010dekov\u00e1 krabi\u010dka s magnetick\u00fdm uz\u00e1verom<\/a> \u2013 elegantn\u00e9 rie\u0161enie pre \u0161t\u00fdlov\u00e9 balenie<\/li>\n<\/ul>\n<p><img loading=\"lazy\" decoding=\"async\" class=\"alignleft\" src=\"https:\/\/raja.scene7.com\/is\/image\/Raja\/products\/ka-ve-tvaru-krabice_OFF_CZ_0891.jpg?template=withpicto600&amp;$image=M_SAB31N_S_FR&amp;$picto=NoPicto&amp;hei=600&amp;wid=600&amp;fmt=jpg&amp;qlt=85,0&amp;resMode=sharp2&amp;op_usm=1.75,0.3,2,0\" alt=\"Ta\u0161ka ve tvaru krabice - 1\" width=\"209\" height=\"209\" \/><img loading=\"lazy\" decoding=\"async\" class=\"alignleft\" src=\"https:\/\/raja.scene7.com\/is\/image\/Raja\/products\/rkov-ky-z-lakovan-ho-pap-ru_OFF_CZ_0112.jpg?template=withpicto600&amp;$image=M_PPP24B_R_A2_103_F&amp;$picto=NoPicto&amp;hei=600&amp;wid=600&amp;fmt=jpg&amp;qlt=85,0&amp;resMode=sharp2&amp;op_usm=1.75,0.3,2,0\" alt=\"D\u00e1rkov\u00e9 s\u00e1\u010dky z lakovan\u00e9ho pap\u00edru - 1\" width=\"248\" height=\"248\" \/><img loading=\"lazy\" decoding=\"async\" class=\"alignleft\" src=\"https:\/\/raja.scene7.com\/is\/image\/Raja\/products\/rkov-krabi-ka-z-kraftov-ho-pap-ru-magnetem_OFF_CZ_0953.jpg?image=M_BP375KR_S_FR$default$&amp;hei=600&amp;wid=600&amp;fmt=jpg&amp;qlt=85,0&amp;resMode=sharp2&amp;op_usm=1.75,0.3,2,0\" alt=\"D\u00e1rkov\u00e1 krabi\u010dka z kraftov\u00e9ho pap\u00edru s magnetem - 2\" width=\"246\" height=\"246\" \/><\/p>\n<p>&nbsp;<\/p>\n<h2><\/h2>\n<h2><\/h2>\n<h2><\/h2>\n<h2><\/h2>\n<h2><\/h2>\n<h2 data-start=\"110\" data-end=\"161\"><span class=\"ez-toc-section\" id=\"Zahradnictvo_pevnost_odvetranie_stabilita\"><\/span>Z\u00e1hradn\u00edctvo: pevnos\u0165, odvetranie, stabilita<span class=\"ez-toc-section-end\"><\/span><\/h2>\n<p data-start=\"163\" data-end=\"353\">Letn\u00e1 \u0161pi\u010dka v z\u00e1hradn\u00edctve prin\u00e1\u0161a \u00faplne in\u00e9 v\u00fdzvy: \u0165a\u017ek\u00e9 vrecia so substr\u00e1tom, krehk\u00e9 sadenice alebo vlhk\u00e9 produkty, ktor\u00e9 nesm\u00fa splesnivie\u0165. Pr\u00e1ve tu zlyh\u00e1va v\u00e4\u010d\u0161ina univerz\u00e1lnych krab\u00edc.<\/p>\n<p data-start=\"355\" data-end=\"369\"><strong data-start=\"355\" data-end=\"369\">\u0160pecifik\u00e1:<\/strong><\/p>\n<ul>\n<li data-start=\"373\" data-end=\"431\">\u0164a\u017ek\u00e9 a objemn\u00e9 z\u00e1sielky, \u010dasto s nerovnomern\u00fdm \u0165a\u017eiskom<\/li>\n<li data-start=\"434\" data-end=\"477\">Potreba odvetrania a stabiliz\u00e1cie rastl\u00edn<\/li>\n<li data-start=\"480\" data-end=\"521\">Vy\u0161\u0161ie riziko po\u0161kodenia po\u010das prepravy<\/li>\n<\/ul>\n<p data-start=\"523\" data-end=\"726\"><strong data-start=\"523\" data-end=\"542\">Vedeli ste, \u017ee\u2026<\/strong><br data-start=\"542\" data-end=\"545\" \/>Niektor\u00e9 druhy saden\u00edc m\u00f4\u017eu po\u010das prepravy uhyn\u00fa\u0165 u\u017e za 24 hod\u00edn, ak nemaj\u00fa pr\u00edstup k vzduchu a stabiln\u00fa polohu. Preto zohr\u00e1vaj\u00fa \u00falohu aj detaily ako perfor\u00e1cia \u010di vhodn\u00e9 v\u00fdplne.<\/p>\n<p data-start=\"728\" data-end=\"757\"><strong data-start=\"728\" data-end=\"757\">Odpor\u00fa\u010dan\u00e9 obaly od RAJA:<\/strong><\/p>\n<ul>\n<li data-start=\"761\" data-end=\"832\"><a href=\"https:\/\/www.rajapack.sk\/skladovanie-manipulacia\/plastove-boxy-prepravky-zasobniky\/ulozne-boxy-plastove-prepravky\/stohovatelna-europrepravka-raja_OFF_CZ_0544.html\">Stohovate\u013en\u00e1 europrepravka <\/a>\u2013 jednoduch\u00e1 manipul\u00e1cia v\u010faka \u00fachytom<\/li>\n<li data-start=\"835\" data-end=\"913\"><a href=\"https:\/\/www.rajapack.sk\/kartonove-krabice\/klopove\/patvrstvova-lepenka\/hnede-klopove-krabice-patvrstvovej-vlnitej-lepenky-rajabox-od-500-do-650-mm_PDT01529.html\">Klopov\u00e9 krabice z p\u00e4\u0165vrstvovej lepenky<\/a> \u2013 unes\u00fa aj substr\u00e1ty \u010di kvetin\u00e1\u010de<\/li>\n<li data-start=\"916\" data-end=\"1013\"><a href=\"https:\/\/www.rajapack.sk\/vyplnovy-fixacny-material\/lepenka-baliace-papiere\/papier\/krceny-fixacny-papier_PDT02287.html\">Ma\u010dkan\u00fd fixa\u010dn\u00fd papier <\/a>\u2013 chr\u00e1ni tovar pred pohybom v \u0161katuliach po\u010das prepravy aj skladovania<\/li>\n<\/ul>\n<p><img loading=\"lazy\" decoding=\"async\" class=\"\" src=\"https:\/\/raja.scene7.com\/is\/image\/Raja\/products\/stohovateln-europ-epravka-raja_OFF_CZ_0544.jpg?image=M_E642411_O_A1_1111_F$default$&amp;hei=600&amp;wid=600&amp;fmt=jpg&amp;qlt=85,0&amp;resMode=sharp2&amp;op_usm=1.75,0.3,2,0\" alt=\"Stohovateln\u00e1 europ\u0159epravka | RAJA - 2\" width=\"228\" height=\"228\" \/><img loading=\"lazy\" decoding=\"async\" class=\"\" src=\"https:\/\/raja.scene7.com\/is\/image\/Raja\/products\/hn-klopov-krabice-z-p-tivrstv-vlnit-lepenky-od-500-do-650-mm-raja_PDT01529.jpg?image=M_CAD13A_R_S_015_F$default$&amp;hei=600&amp;wid=600&amp;fmt=jpg&amp;qlt=85,0&amp;resMode=sharp2&amp;op_usm=1.75,0.3,2,0\" alt=\"Hn\u011bd\u00e9 klopov\u00e9 krabice z p\u011btivrstv\u00e9 vlnit\u00e9 lepenky, od 500 do 650 mm | RAJA - 4\" width=\"241\" height=\"241\" \/><img loading=\"lazy\" decoding=\"async\" class=\"\" src=\"https:\/\/raja.scene7.com\/is\/image\/Raja\/products\/kan-fixa-pap-r_PDT02287.jpg?template=withpicto600&amp;$image=M_PM50_O_A1_0611_F&amp;$picto=NoPicto&amp;hei=600&amp;wid=600&amp;fmt=jpg&amp;qlt=85,0&amp;resMode=sharp2&amp;op_usm=1.75,0.3,2,0\" alt=\"Ma\u010dkan\u00fd fixa\u010dn\u00ed pap\u00edr - 1\" width=\"265\" height=\"265\" \/><\/p>\n<ul>\n<li data-start=\"162\" data-end=\"252\">Krabice s perfor\u00e1ciou alebo vetrac\u00edmi otvormi \u2013 chr\u00e1nia \u017eiv\u00e9 rastliny pred zaparen\u00edm<\/li>\n<li data-start=\"255\" data-end=\"345\">Fixa\u010dn\u00e9 syst\u00e9my na mieru \u2013 udr\u017eia kvetin\u00e1\u010de alebo kontajnery stabilne po\u010das prepravy<\/li>\n<\/ul>\n<p data-start=\"347\" data-end=\"543\"><strong data-start=\"347\" data-end=\"363\">TIP z praxe:<\/strong><br data-start=\"363\" data-end=\"366\" \/>Ak pou\u017eijete vlo\u017eku z vlnitej lepenky s v\u00fdrezom okolo kore\u0148ov\u00e9ho balu, zn\u00ed\u017eite pohyb rastliny v krabici a\u017e o <strong data-start=\"475\" data-end=\"483\">80\u202f%<\/strong> \u2013 \u010d\u00edm obmedz\u00edte l\u00e1manie stoniek alebo presypanie substr\u00e1tu.<\/p>\n<h2 data-start=\"550\" data-end=\"595\"><span class=\"ez-toc-section\" id=\"Potraviny_ochrana_cerstvost_hygiena\"><\/span>Potraviny: ochrana, \u010derstvos\u0165, hygiena<span class=\"ez-toc-section-end\"><\/span><\/h2>\n<p data-start=\"597\" data-end=\"789\">Letn\u00e1 sez\u00f3na praje malov\u00fdrobcom potrav\u00edn \u2013 od zav\u00e1ran\u00edn po limon\u00e1dy. No teplo je nepriate\u013e \u010d\u00edslo jeden. Chyba v balen\u00ed m\u00f4\u017ee vies\u0165 nielen k rozbitiu, ale aj k ohrozeniu zdravotnej nez\u00e1vadnosti.<\/p>\n<p data-start=\"791\" data-end=\"805\"><strong data-start=\"791\" data-end=\"805\">\u0160pecifik\u00e1:<\/strong><\/p>\n<ul>\n<li data-start=\"809\" data-end=\"846\">Krehk\u00e9 aj teplotne citliv\u00e9 produkty<\/li>\n<li data-start=\"849\" data-end=\"891\">Nutnos\u0165 splnenia hygienick\u00fdch \u0161tandardov<\/li>\n<li data-start=\"894\" data-end=\"941\">Etikety a inform\u00e1cie ako povinn\u00e1 s\u00fa\u010das\u0165 obalu<\/li>\n<\/ul>\n<p data-start=\"943\" data-end=\"1139\"><strong data-start=\"943\" data-end=\"962\">Vedeli ste, \u017ee\u2026<\/strong><br data-start=\"962\" data-end=\"965\" \/>U\u017e pri teplote nad 25\u202f\u00b0C m\u00f4\u017ee za\u010da\u0165 degrad\u00e1cia niektor\u00fdch potrav\u00edn (napr. \u010dokol\u00e1dy alebo sirupov). Preto je k\u013e\u00fa\u010dov\u00e9 obaly doplni\u0165 o izola\u010dn\u00e9 v\u00fdstelky \u010di v\u00fdstra\u017en\u00e9 etikety.<\/p>\n<p data-start=\"1141\" data-end=\"1170\"><strong data-start=\"1141\" data-end=\"1170\">Odpor\u00fa\u010dan\u00e9 obaly od RAJA:<\/strong><\/p>\n<ul>\n<li data-start=\"1174\" data-end=\"1248\"><a href=\"https:\/\/www.rajapack.sk\/obaly-na-doprovodnu-dokumentaciu-etikety\/etikety-prepravu-manipulaciu\/vystrazne-signalizacne-etikety\/vystrazne-etikety_PDT00431.html\">V\u00fdstra\u017en\u00e9 etikety<\/a> \u2013 na upozornenie pri preprave a minimaliz\u00e1ciu \u0161k\u00f4d<\/li>\n<\/ul>\n<p><img loading=\"lazy\" decoding=\"async\" class=\"\" src=\"https:\/\/raja.scene7.com\/is\/image\/Raja\/products\/v-stra-etikety_PDT00431.jpg?image=M_ETIB33_dt_B$default$&amp;hei=600&amp;wid=600&amp;fmt=jpg&amp;qlt=85,0&amp;resMode=sharp2&amp;op_usm=1.75,0.3,2,0\" alt=\"V\u00fdstra\u017en\u00e9 etikety - 2\" width=\"246\" height=\"246\" \/><img loading=\"lazy\" decoding=\"async\" class=\"\" src=\"https:\/\/raja.scene7.com\/is\/image\/Raja\/products\/v-stra-etikety_PDT00431.jpg?image=M_ETIB70_DT_B$default$&amp;hei=600&amp;wid=600&amp;fmt=jpg&amp;qlt=85,0&amp;resMode=sharp2&amp;op_usm=1.75,0.3,2,0\" alt=\"V\u00fdstra\u017en\u00e9 etikety - 5\" width=\"246\" height=\"246\" \/><img loading=\"lazy\" decoding=\"async\" class=\"\" src=\"https:\/\/raja.scene7.com\/is\/image\/Raja\/products\/v-stra-etikety_PDT00431.jpg?image=M_ETIB31_dt_B$default$&amp;hei=600&amp;wid=600&amp;fmt=jpg&amp;qlt=85,0&amp;resMode=sharp2&amp;op_usm=1.75,0.3,2,0\" alt=\"V\u00fdstra\u017en\u00e9 etikety - 3\" width=\"245\" height=\"245\" \/><\/p>\n<ul>\n<li data-start=\"146\" data-end=\"225\"><a href=\"https:\/\/www.rajapack.sk\/kartonove-krabice\/klopove\/izotermicke-isostar_OFF_CZ_0851.html\">Izotermick\u00e1 krabica<\/a>\u00a0\u2013 udr\u017euje optim\u00e1lnu teplotu po\u010das prepravy<\/li>\n<li data-start=\"228\" data-end=\"320\"><a href=\"https:\/\/www.rajapack.sk\/kartonove-krabice\/klopove\/na-potraviny\/ohybny-chladiaci-akumulator_OFF_CZ_1112.html\">Ohybn\u00fd chladiaci akumul\u00e1tor<\/a> \u2013 flexibiln\u00fd, efekt\u00edvny a schv\u00e1len\u00fd pre styk s potravinami<\/li>\n<li data-start=\"323\" data-end=\"406\"><a href=\"https:\/\/www.rajapack.sk\/kartonove-krabice\/obaly-vino\/darcekove\/obaly-flase-hevea_PDT00475.html\">Obaly na f\u013ea\u0161e<\/a> \u2013 ide\u00e1lne na r\u00fdchle a \u0161t\u00fdlov\u00e9 balenie v\u00edna, lik\u00e9rov \u010di sirupov<\/li>\n<\/ul>\n<p><img loading=\"lazy\" decoding=\"async\" class=\"\" src=\"https:\/\/raja.scene7.com\/is\/image\/Raja\/products\/klopov-izotermick-krabice-isostar_OFF_CZ_0851.jpg?image=M_CIT15_O_S_0611_F$default$&amp;hei=600&amp;wid=600&amp;fmt=jpg&amp;qlt=85,0&amp;resMode=sharp2&amp;op_usm=1.75,0.3,2,0\" alt=\"Klopov\u00e9 izotermick\u00e9 krabice Isostar - 2\" width=\"221\" height=\"221\" \/><img loading=\"lazy\" decoding=\"async\" class=\"\" src=\"https:\/\/raja.scene7.com\/is\/image\/Raja\/products\/ohebn-akumul-tor-chladu-v-kraftov-ku_OFF_CZ_1156.jpg?image=M_GEL400K_HANDS_02$default$&amp;hei=600&amp;wid=600&amp;fmt=jpg&amp;qlt=85,0&amp;resMode=sharp2&amp;op_usm=1.75,0.3,2,0\" alt=\"Ohebn\u00fd akumul\u00e1tor chladu v kraftov\u00e9m s\u00e1\u010dku - 4\" width=\"272\" height=\"272\" \/><img loading=\"lazy\" decoding=\"async\" class=\"\" src=\"https:\/\/raja.scene7.com\/is\/image\/Raja\/products\/obaly-na-hve-h-v_PDT00475.jpg?template=withpicto600&amp;$image=M_1019B_R_G_0612_F&amp;$picto=NoPicto&amp;hei=600&amp;wid=600&amp;fmt=jpg&amp;qlt=85,0&amp;resMode=sharp2&amp;op_usm=1.75,0.3,2,0\" alt=\"Obaly na l\u00e1hve H\u00e9v\u00e9a - 1\" width=\"201\" height=\"201\" \/><\/p>\n<p data-start=\"81\" data-end=\"280\"><strong data-start=\"81\" data-end=\"97\">TIP z praxe:<\/strong><br data-start=\"97\" data-end=\"100\" \/>Niektor\u00ed z\u00e1kazn\u00edci kombinuj\u00fa chladiacu v\u00fdpl\u0148 s v\u00fdstra\u017enou etiketou, aby kuri\u00e9r zaobch\u00e1dzal s bal\u00edkom opatrnej\u0161ie \u2013 a str\u00e1\u017eili si tak kvalitu doru\u010denia aj bez chladen\u00e9ho transportu.<\/p>\n<h2 data-start=\"287\" data-end=\"344\"><span class=\"ez-toc-section\" id=\"Kozmetika_ochrana_estetika_sulad_s_legislativou\"><\/span>Kozmetika: ochrana, estetika, s\u00falad s legislat\u00edvou<span class=\"ez-toc-section-end\"><\/span><\/h2>\n<p data-start=\"346\" data-end=\"674\">Letn\u00e9 kolekcie kozmetiky l\u00e1kaj\u00fa nov\u00fdch z\u00e1kazn\u00edkov \u2013 limitovan\u00e9 ed\u00edcie, cestovn\u00e9 balenia, dar\u010dekov\u00e9 sady\u2026 No aj mal\u00fd flak\u00f3n parfumu \u010di kel\u00edmok kr\u00e9mu si vy\u017eaduje maxim\u00e1lnu starostlivos\u0165 pri balen\u00ed. Estetika je d\u00f4le\u017eit\u00e1, no pri kozmetike zohr\u00e1vaj\u00fa \u00falohu aj legislat\u00edvne po\u017eiadavky: zlo\u017eenie, trvanlivos\u0165 \u010di spr\u00e1vne ozna\u010denie obalu.<\/p>\n<p data-start=\"676\" data-end=\"690\"><strong data-start=\"676\" data-end=\"690\">\u0160pecifik\u00e1:<\/strong><\/p>\n<ul>\n<li data-start=\"694\" data-end=\"739\">Krehk\u00e9, \u010dasto sklenen\u00e9 alebo plastov\u00e9 obaly<\/li>\n<li data-start=\"742\" data-end=\"779\">D\u00f4raz na atrakt\u00edvny, luxusn\u00fd vzh\u013ead<\/li>\n<li data-start=\"782\" data-end=\"825\">Po\u017eiadavka na \u010ditate\u013en\u00e9 a trv\u00e1cne etikety<\/li>\n<\/ul>\n<p data-start=\"827\" data-end=\"1043\"><strong data-start=\"827\" data-end=\"846\">Vedeli ste, \u017ee\u2026<\/strong><br data-start=\"846\" data-end=\"849\" \/>Pri kozmetick\u00fdch produktoch je povinn\u00e9 uv\u00e1dza\u0165 d\u00e1tum minim\u00e1lnej trvanlivosti a zlo\u017eenie \u2013 obal teda mus\u00ed by\u0165 nielen atrakt\u00edvny, ale aj dostato\u010dne informat\u00edvny a odoln\u00fd vo\u010di mastnote \u010di oteru.<\/p>\n<p data-start=\"1045\" data-end=\"1073\"><strong data-start=\"1045\" data-end=\"1073\">Odpor\u00fa\u010dan\u00fd obal od RAJA:<\/strong><\/p>\n<ul>\n<li data-start=\"1077\" data-end=\"1172\"><a href=\"https:\/\/www.rajapack.sk\/tasky-darcekove-balenie\/papierove-tasky\/taska-v-tvare-krabice-hnedy-papier_OFF_CZ_1156.html\">Ta\u0161ka v tvare krabice z hned\u00e9ho kraftov\u00e9ho papiera<\/a> \u2013 jednoduch\u00e1 mont\u00e1\u017e a elegantn\u00fd vzh\u013ead<\/li>\n<\/ul>\n<p><img loading=\"lazy\" decoding=\"async\" class=\"aligncenter\" src=\"https:\/\/raja.scene7.com\/is\/image\/Raja\/products\/ka-ve-tvaru-krabice-z-hn-ho-kraftov-ho-pap-ru_OFF_CZ_1188.jpg?template=withpicto600&amp;$image=M_SAB19BR_A3_FR&amp;$picto=NoPicto&amp;hei=600&amp;wid=600&amp;fmt=jpg&amp;qlt=85,0&amp;resMode=sharp2&amp;op_usm=1.75,0.3,2,0\" alt=\"Ta\u0161ka ve tvaru krabice z hn\u011bd\u00e9ho kraftov\u00e9ho pap\u00edru - 1\" width=\"330\" height=\"330\" \/><\/p>\n<ul>\n<li data-start=\"133\" data-end=\"220\"><a href=\"https:\/\/www.rajapack.sk\/tasky-darcekove-balenie\/darcekove-obaly-sacky-obalky\/krabice\/dekorativny-obal-magnetickym-uzaverom-zerotree_OFF_CZ_1176.html\">Elegantn\u00e9 dar\u010dekov\u00e9 krabi\u010dky s magnetick\u00fdm uz\u00e1verom <\/a>\u2013 ide\u00e1lne pre kozmetick\u00e9 sady<\/li>\n<li data-start=\"223\" data-end=\"289\"><a href=\"https:\/\/www.rajapack.sk\/tasky-darcekove-balenie\/papierove-tasky\/tocene-usi\/hnede-darcekove-tasky-okienkom_OFF_CZ_0776.html\">Papierov\u00e9 ta\u0161ky s okienkom <\/a>\u2013 uk\u00e1\u017eu produkt u\u017e na prv\u00fd poh\u013ead<\/li>\n<li data-start=\"292\" data-end=\"377\"><a href=\"https:\/\/www.rajapack.sk\/tasky-darcekove-balenie\/darcekovy-baliaci-material\/hodvabny-papier\/vyplnovy-material-sizzlepak_OFF_CZ_0132.html\">V\u00fdpl\u0148ov\u00fd materi\u00e1l SizzlePak<\/a> \u2013 chr\u00e1ni sklenen\u00e9 flak\u00f3ny a kel\u00edmky pred po\u0161koden\u00edm<\/li>\n<\/ul>\n<p><strong><img loading=\"lazy\" decoding=\"async\" class=\"alignleft\" src=\"https:\/\/raja.scene7.com\/is\/image\/Raja\/products\/dekorativn-obal-magnetick-uz-v-rem-zerotree_OFF_CZ_1206.jpg?template=withpicto600&amp;$image=M_BP230ST_ACCESSORY_03&amp;$picto=NoPicto&amp;hei=600&amp;wid=600&amp;fmt=jpg&amp;qlt=85,0&amp;resMode=sharp2&amp;op_usm=1.75,0.3,2,0\" alt=\"Dekorativn\u00ed obal s magnetick\u00fdm uz\u00e1v\u011brem ZEROTREE\u00ae - 1\" width=\"231\" height=\"231\" \/><\/strong><\/p>\n<p><img loading=\"lazy\" decoding=\"async\" class=\"alignleft\" src=\"https:\/\/raja.scene7.com\/is\/image\/Raja\/products\/hn-rkov-ky-ok-nkem_OFF_CZ_0776.jpg?image=M_PPOR23_O_A_079_F$default$&amp;hei=600&amp;wid=600&amp;fmt=jpg&amp;qlt=85,0&amp;resMode=sharp2&amp;op_usm=1.75,0.3,2,0\" alt=\"Hn\u011bd\u00e9 d\u00e1rkov\u00e9 ta\u0161ky s ok\u00e9nkem - 2\" width=\"230\" height=\"230\" \/><\/p>\n<p><img loading=\"lazy\" decoding=\"async\" class=\"alignleft\" src=\"https:\/\/raja.scene7.com\/is\/image\/Raja\/products\/v-pl-ov-materi-sizzlepak-raja_OFF_CZ_0132.jpg?template=withpicto600&amp;$image=M_LPBLU_N_PL&amp;$picto=NoPicto&amp;hei=600&amp;wid=600&amp;fmt=jpg&amp;qlt=85,0&amp;resMode=sharp2&amp;op_usm=1.75,0.3,2,0\" alt=\"V\u00fdpl\u0148ov\u00fd materi\u00e1l SizzlePak | RAJA - 1\" width=\"238\" height=\"238\" \/><\/p>\n<p>&nbsp;<\/p>\n<p>&nbsp;<\/p>\n<p>&nbsp;<\/p>\n<p>&nbsp;<\/p>\n<p>&nbsp;<\/p>\n<p>&nbsp;<\/p>\n<p>&nbsp;<\/p>\n<p data-start=\"87\" data-end=\"284\"><strong data-start=\"87\" data-end=\"103\">TIP z praxe:<\/strong><br data-start=\"103\" data-end=\"106\" \/>Ak posielate kozmetiku do tepl\u00e9ho po\u010dasia, zv\u00e1\u017ete pou\u017eitie izola\u010dnej v\u00fdstelky \u2013 u balzamov alebo kr\u00e9mov m\u00f4\u017ee aj mierne prehrievanie zmeni\u0165 konzistenciu a zn\u00ed\u017ei\u0165 kvalitu produktu.<\/p>\n<h2 data-start=\"291\" data-end=\"353\"><span class=\"ez-toc-section\" id=\"Elektronika_bezpecnost_antistaticka_ochrana_znacenie\"><\/span>Elektronika: bezpe\u010dnos\u0165, antistatick\u00e1 ochrana, zna\u010denie<span class=\"ez-toc-section-end\"><\/span><\/h2>\n<p data-start=\"355\" data-end=\"587\">V lete sa dar\u00ed aj predaju drobnej elektroniky \u2013 od powerb\u00e1nk cez sl\u00fachadl\u00e1 a\u017e po pr\u00edslu\u0161enstvo na cesty. Z\u00e1kazn\u00edk o\u010dak\u00e1va, \u017ee produkt doraz\u00ed nielen funk\u010dn\u00fd, ale aj bezpe\u010dne zabalen\u00fd proti n\u00e1razu, vlhkosti a elektrostatick\u00e9mu v\u00fdboju.<\/p>\n<p data-start=\"589\" data-end=\"603\"><strong data-start=\"589\" data-end=\"603\">\u0160pecifik\u00e1:<\/strong><\/p>\n<p data-start=\"607\" data-end=\"658\">Citliv\u00e9 komponenty, krehk\u00e9 displeje alebo bat\u00e9rie<\/p>\n<p data-start=\"661\" data-end=\"710\">Riziko po\u0161kodenia pri preprave alebo skladovan\u00ed<\/p>\n<p data-start=\"713\" data-end=\"768\">Vy\u017eaduj\u00fa antistatick\u00fa ochranu a odpovedaj\u00face zna\u010denie<\/p>\n<p data-start=\"770\" data-end=\"1046\"><strong data-start=\"770\" data-end=\"784\">Viete, \u017ee\u2026<\/strong><br data-start=\"784\" data-end=\"787\" \/>Statick\u00fd v\u00fdboj sily iba 100 voltov m\u00f4\u017ee po\u0161kodi\u0165 vn\u00fatorn\u00fa elektroniku produktu \u2013 a be\u017ene sa pri manipul\u00e1cii so such\u00fdmi rukami generuje a\u017e 3 000 V! Preto s\u00fa antistatick\u00e9 obaly k\u013e\u00fa\u010dov\u00e9 nielen pri priemyseln\u00fdch z\u00e1kazn\u00edkoch, ale aj pri be\u017enom e-commerce balen\u00ed.<\/p>\n<p data-start=\"1048\" data-end=\"1077\"><strong data-start=\"1048\" data-end=\"1077\">Odpor\u00fa\u010dan\u00e9 obaly od RAJA:<\/strong><\/p>\n<ul>\n<li data-start=\"1081\" data-end=\"1177\"><a href=\"https:\/\/www.rajapack.sk\/sacky-plastove-nadoby\/antistaticke-obaly\/antistaticke-sacky-folie\/antistaticke-sacky-zipsom_PDT01634.html\">Antistatick\u00e9 vreck\u00e1 so zipsom<\/a> alebo <a href=\"https:\/\/www.rajapack.sk\/sacky-plastove-nadoby\/antistaticke-obaly\/antistaticke-sacky-folie\/antistaticke-bublinkove-sacky-samolepiacim-uzaverom_OFF_CZ_1328.html\">s lepiacim uz\u00e1verom<\/a> \u2013 chr\u00e1nia proti elektrostatick\u00e9mu v\u00fdboju<\/li>\n<\/ul>\n<p><img loading=\"lazy\" decoding=\"async\" class=\"\" src=\"https:\/\/raja.scene7.com\/is\/image\/Raja\/products\/antistatick-ky-zipem_PDT01634.jpg?template=withpicto600&amp;$image=M_SAR1_R_A8_030_F&amp;$picto=NoPicto&amp;hei=600&amp;wid=600&amp;fmt=jpg&amp;qlt=85,0&amp;resMode=sharp2&amp;op_usm=1.75,0.3,2,0\" alt=\"Antistatick\u00e9 s\u00e1\u010dky se zipem - 1\" width=\"257\" height=\"257\" \/><img loading=\"lazy\" decoding=\"async\" class=\"\" src=\"https:\/\/raja.scene7.com\/is\/image\/Raja\/products\/antistatick-bublinkov-ky-samolepic-uz-v-rem-80-recyklovan_OFF_CZ_1328.jpg?template=withpicto600&amp;$image=M_SCB15_D_A_0610_F&amp;$picto=NoPicto&amp;hei=600&amp;wid=600&amp;fmt=jpg&amp;qlt=85,0&amp;resMode=sharp2&amp;op_usm=1.75,0.3,2,0\" alt=\"Antistatick\u00e9 bublinkov\u00e9 s\u00e1\u010dky se samolepic\u00edm uz\u00e1v\u011brem, 80% recyklovan\u00e9 - 1\" width=\"244\" height=\"244\" \/><\/p>\n<ul>\n<li data-start=\"88\" data-end=\"170\"><a href=\"https:\/\/www.rajapack.sk\/obalky-tubusy\/narazuvzdorne-obalky\/bublinkove\/bublinkove-obalky-mail-lite_OFF_CZ_0981.html\">Plastov\u00e9 bublinkov\u00e9 vreck\u00e1<\/a> \u2013 vodoodoln\u00e9, n\u00e1razuvzdorn\u00e9 a odoln\u00e9 vo\u010di roztrhnutiu<\/li>\n<li data-start=\"173\" data-end=\"289\"><a href=\"https:\/\/www.rajapack.sk\/lepiace-pasky-paskovanie-uzaver-obalov\/vystrazne-kobercove-izolacne-pasky\/pvc-vystrazna-expedicna-paska_skuKREHKESK.html\">V\u00fdstra\u017en\u00e9 p\u00e1sky<\/a> a <a href=\"https:\/\/www.rajapack.sk\/obaly-na-doprovodnu-dokumentaciu-etikety\/etikety-prepravu-manipulaciu\/vystrazne-signalizacne-etikety\/antistaticke-etikety_OFF_CZ_0158.html\">antistatick\u00e9 etikety<\/a> (napr. \u201eKrehk\u00e9\u201c, \u201eElektrostaticky citliv\u00e9 zariadenie\u201c) \u2013 informuj\u00fa dopravcu<\/li>\n<\/ul>\n<p>&nbsp;<\/p>\n<p><a href=\"https:\/\/www.rajapack.cz\/lepici-pasky-paskovani-uzaver-obalu\/vystrazni-kobercove-izolacne-pasky\/sk-pvc-vystrazna-expedicni-paska_skuKREHKESK.html\"><img loading=\"lazy\" decoding=\"async\" class=\"\" src=\"https:\/\/raja.scene7.com\/is\/image\/Raja\/products\/v-stra-lepic-pvc-p-ska-krehk-50mm-vin-66m-tlou-ka-53-raja_KREHKESK.jpg?image=M_FKPVC_R_A2_047_CZ$default$&amp;hei=600&amp;wid=600&amp;fmt=jpg&amp;qlt=85,0&amp;resMode=sharp2&amp;op_usm=1.75,0.3,2,0\" alt=\"V\u00fdstra\u017en\u00e1 lepic\u00ed PVC p\u00e1ska KREHK\u00c9, 50mm, n\u00e1vin 66m, tlou\u0161\u0165ka 53\u00b5m | RAJA - 3\" width=\"241\" height=\"241\" \/><img loading=\"lazy\" decoding=\"async\" class=\"\" src=\"https:\/\/raja.scene7.com\/is\/image\/Raja\/products\/antistatick-etikety_OFF_CZ_0158.jpg?template=withpicto600&amp;$image=M_ETIC81_D_S2_040_B&amp;$picto=NoPicto&amp;hei=600&amp;wid=600&amp;fmt=jpg&amp;qlt=85,0&amp;resMode=sharp2&amp;op_usm=1.75,0.3,2,0\" alt=\"Antistatick\u00e9 etikety - 1\" width=\"233\" height=\"233\" \/><img loading=\"lazy\" decoding=\"async\" class=\"alignleft\" src=\"https:\/\/raja.scene7.com\/is\/image\/Raja\/products\/plastov-bublinkov-ob-lky_OFF_CZ_0652.jpg?image=M_MTCDN_R_A2_FR$default$&amp;hei=600&amp;wid=600&amp;fmt=jpg&amp;qlt=85,0&amp;resMode=sharp2&amp;op_usm=1.75,0.3,2,0\" alt=\"Plastov\u00e9 bublinkov\u00e9 ob\u00e1lky - 3\" width=\"236\" height=\"236\" \/><\/a><\/p>\n<p>&nbsp;<\/p>\n<p data-start=\"83\" data-end=\"246\"><strong>TIP z praxe:<\/strong><br data-start=\"95\" data-end=\"98\" \/>V\u010faka kompaktnej v\u00fdplni z peny alebo vo\u0161tiny u\u0161etr\u00edte a\u017e 30 % objemu bal\u00edka, \u010do zni\u017euje nielen prepravn\u00e9 n\u00e1klady, ale aj po\u010det po\u0161koden\u00fdch z\u00e1sielok.<\/p>\n<h2 data-start=\"248\" data-end=\"278\"><span class=\"ez-toc-section\" id=\"V_lete_rozhoduju_detaily%E2%80%A6\"><\/span>V lete rozhoduj\u00fa detaily&#8230;<span class=\"ez-toc-section-end\"><\/span><\/h2>\n<p data-start=\"280\" data-end=\"357\">Letn\u00e1 sez\u00f3na je sk\u00fa\u0161kou pripravenosti obalov. Ka\u017ed\u00fd segment m\u00e1 in\u00e9 potreby:<\/p>\n<ul>\n<li data-start=\"361\" data-end=\"398\">M\u00f3da stavia na vzh\u013eade a r\u00fdchlosti,<\/li>\n<li data-start=\"401\" data-end=\"441\">Z\u00e1hradn\u00edctvo na stabilite a odolnosti,<\/li>\n<li data-start=\"444\" data-end=\"480\">Potraviny na \u010derstvosti a hygiene,<\/li>\n<li data-start=\"483\" data-end=\"529\">Kozmetika na ochrane a luxusnej prezent\u00e1cii,<\/li>\n<li data-start=\"532\" data-end=\"573\">Elektronika na bezpe\u010dnosti a antistatike.<\/li>\n<\/ul>\n<p data-start=\"575\" data-end=\"803\">To, \u010do ich sp\u00e1ja, je potreba kvalitn\u00e9ho obalu, ktor\u00fd re\u0161pektuje charakter produktu aj o\u010dak\u00e1vania z\u00e1kazn\u00edka. A pr\u00e1ve v tom v\u00e1m m\u00f4\u017ee by\u0165 RAJA\u00ae partnerom \u2013 porad\u00edme, prisp\u00f4sob\u00edme a odporu\u010d\u00edme funk\u010dn\u00e9 a udr\u017eate\u013en\u00e9 rie\u0161enia na mieru.<\/p>\n<p data-start=\"805\" data-end=\"915\"><strong>Z\u00e1kazn\u00edk neza\u010dne pri obale \u2013 no pr\u00e1ve on m\u00f4\u017ee rozhodn\u00fa\u0165, ak\u00fd zanech\u00e1 dojem. \u010ci to bol n\u00e1kup, alebo z\u00e1\u017eitok.<\/strong><\/p>\n<p>&nbsp;<\/p>\n","protected":false},"excerpt":{"rendered":"<p>Letn\u00e9 balenie pre e-shopy m\u00e1 svoje \u0161pecifik\u00e1. Z\u00e1kazn\u00edci nakupuj\u00fa impulz\u00edvnej\u0161ie, \u010dastej\u0161ie a o\u010dak\u00e1vaj\u00fa r\u00fdchle, bezpe\u010dn\u00e9 a atrakt\u00edvne doru\u010denie. Len\u017ee zatia\u013e \u010do plavky zabal\u00edte do elegantn\u00e9ho vrecka, pri priesad\u00e1ch u\u017e zohr\u00e1va [&#8230;]<\/p>\n","protected":false},"author":68,"featured_media":2029,"comment_status":"open","ping_status":"closed","sticky":false,"template":"","format":"standard","meta":{"_acf_changed":false,"footnotes":""},"categories":[106],"tags":[],"class_list":["post-2028","post","type-post","status-publish","format-standard","has-post-thumbnail","hentry","category-logistika-a-e-commerce"],"acf":[],"yoast_head":"\n<title>Letn\u00e1 sez\u00f3na v e-commerce: Pre\u010do univerz\u00e1lny obal nesta\u010d\u00ed? - Z\u00edskajte odborn\u00e9 tipy na logistiku a balenie | Rajapack<\/title>\n<meta name=\"description\" content=\"Objavte, ako spr\u00e1vne bali\u0165 tovar v letnej sez\u00f3ne: od m\u00f3dy cez z\u00e1hradn\u00edctvo a\u017e po kozmetiku a elektroniku.\" \/>\n<meta name=\"robots\" content=\"index, follow, max-snippet:-1, max-image-preview:large, max-video-preview:-1\" \/>\n<link rel=\"canonical\" href=\"https:\/\/www.rajapack.sk\/blog-sk\/letna-sezona-v-e-commerce-preco-univerzalny-obal-nestaci\" \/>\n<meta property=\"og:locale\" content=\"sk_SK\" \/>\n<meta property=\"og:type\" content=\"article\" \/>\n<meta property=\"og:title\" content=\"Letn\u00e1 sez\u00f3na v e-commerce: Pre\u010do univerz\u00e1lny obal nesta\u010d\u00ed? - Z\u00edskajte odborn\u00e9 tipy na logistiku a balenie | Rajapack\" \/>\n<meta property=\"og:description\" content=\"Objavte, ako spr\u00e1vne bali\u0165 tovar v letnej sez\u00f3ne: od m\u00f3dy cez z\u00e1hradn\u00edctvo a\u017e po kozmetiku a elektroniku.\" \/>\n<meta property=\"og:url\" content=\"https:\/\/www.rajapack.sk\/blog-sk\/letna-sezona-v-e-commerce-preco-univerzalny-obal-nestaci\" \/>\n<meta property=\"og:site_name\" content=\"Z\u00edskajte odborn\u00e9 tipy na logistiku a balenie | Rajapack\" \/>\n<meta property=\"article:published_time\" content=\"2025-07-22T11:54:53+00:00\" \/>\n<meta property=\"article:modified_time\" content=\"2025-07-23T08:20:02+00:00\" \/>\n<meta property=\"og:image\" content=\"https:\/\/www.rajapack.sk\/blog-sk\/wp-content\/uploads\/Navrh-bez-nazvu-5.png\" \/>\n\t<meta property=\"og:image:width\" content=\"1472\" \/>\n\t<meta property=\"og:image:height\" content=\"832\" \/>\n\t<meta property=\"og:image:type\" content=\"image\/png\" \/>\n<meta name=\"author\" content=\"Petra Duongov\u00e1\" \/>\n<meta name=\"twitter:card\" content=\"summary_large_image\" \/>\n<meta name=\"twitter:label1\" content=\"Autor\" \/>\n\t<meta name=\"twitter:data1\" content=\"Petra Duongov\u00e1\" \/>\n\t<meta name=\"twitter:label2\" content=\"Predpokladan\u00fd \u010das \u010d\u00edtania\" \/>\n\t<meta name=\"twitter:data2\" content=\"11 min\u00fat\" \/>\n<script type=\"application\/ld+json\" class=\"yoast-schema-graph\">{\n\t    \"@context\": \"https:\/\/schema.org\",\n\t    \"@graph\": [\n\t        {\n\t            \"@type\": \"WebPage\",\n\t            \"@id\": \"https:\/\/www.rajapack.sk\/blog-sk\/letna-sezona-v-e-commerce-preco-univerzalny-obal-nestaci\",\n\t            \"url\": \"https:\/\/www.rajapack.sk\/blog-sk\/letna-sezona-v-e-commerce-preco-univerzalny-obal-nestaci\",\n\t            \"name\": \"Letn\u00e1 sez\u00f3na v e-commerce: Pre\u010do univerz\u00e1lny obal nesta\u010d\u00ed? - Z\u00edskajte odborn\u00e9 tipy na logistiku a balenie | Rajapack\",\n\t            \"isPartOf\": {\n\t                \"@id\": \"https:\/\/www.rajapack.sk\/blog-sk\/#website\"\n\t            },\n\t            \"primaryImageOfPage\": {\n\t                \"@id\": \"https:\/\/www.rajapack.sk\/blog-sk\/letna-sezona-v-e-commerce-preco-univerzalny-obal-nestaci#primaryimage\"\n\t            },\n\t            \"image\": {\n\t                \"@id\": \"https:\/\/www.rajapack.sk\/blog-sk\/letna-sezona-v-e-commerce-preco-univerzalny-obal-nestaci#primaryimage\"\n\t            },\n\t            \"thumbnailUrl\": \"https:\/\/www.rajapack.sk\/blog-sk\/wp-content\/uploads\/Navrh-bez-nazvu-5.png\",\n\t            \"datePublished\": \"2025-07-22T11:54:53+00:00\",\n\t            \"dateModified\": \"2025-07-23T08:20:02+00:00\",\n\t            \"author\": {\n\t                \"@id\": \"https:\/\/www.rajapack.sk\/blog-sk\/#\/schema\/person\/deaf5dc145833c820c47741fef5d321e\"\n\t            },\n\t            \"description\": \"Objavte, ako spr\u00e1vne bali\u0165 tovar v letnej sez\u00f3ne: od m\u00f3dy cez z\u00e1hradn\u00edctvo a\u017e po kozmetiku a elektroniku.\",\n\t            \"inLanguage\": \"sk-SK\",\n\t            \"potentialAction\": [\n\t                {\n\t                    \"@type\": \"ReadAction\",\n\t                    \"target\": [\n\t                        \"https:\/\/www.rajapack.sk\/blog-sk\/letna-sezona-v-e-commerce-preco-univerzalny-obal-nestaci\"\n\t                    ]\n\t                }\n\t            ]\n\t        },\n\t        {\n\t            \"@type\": \"ImageObject\",\n\t            \"inLanguage\": \"sk-SK\",\n\t            \"@id\": \"https:\/\/www.rajapack.sk\/blog-sk\/letna-sezona-v-e-commerce-preco-univerzalny-obal-nestaci#primaryimage\",\n\t            \"url\": \"https:\/\/www.rajapack.sk\/blog-sk\/wp-content\/uploads\/Navrh-bez-nazvu-5.png\",\n\t            \"contentUrl\": \"https:\/\/www.rajapack.sk\/blog-sk\/wp-content\/uploads\/Navrh-bez-nazvu-5.png\",\n\t            \"width\": 1472,\n\t            \"height\": 832\n\t        },\n\t        {\n\t            \"@type\": \"WebSite\",\n\t            \"@id\": \"https:\/\/www.rajapack.sk\/blog-sk\/#website\",\n\t            \"url\": \"https:\/\/www.rajapack.sk\/blog-sk\/\",\n\t            \"name\": \"Z\u00edskajte odborn\u00e9 tipy na logistiku a balenie | Rajapack\",\n\t            \"description\": \"Pre\u010d\u00edtajte si najnov\u0161ie \u010dl\u00e1nky, tipy a triky oh\u013eadom balenia, logistiky a ekologick\u00fdch obalov na na\u0161om blogu. In\u0161pirujte sa!\",\n\t            \"potentialAction\": [\n\t                {\n\t                    \"@type\": \"SearchAction\",\n\t                    \"target\": {\n\t                        \"@type\": \"EntryPoint\",\n\t                        \"urlTemplate\": \"https:\/\/www.rajapack.sk\/blog-sk\/?s={search_term_string}\"\n\t                    },\n\t                    \"query-input\": \"required name=search_term_string\"\n\t                }\n\t            ],\n\t            \"inLanguage\": \"sk-SK\"\n\t        },\n\t        {\n\t            \"@type\": \"Person\",\n\t            \"@id\": \"https:\/\/www.rajapack.sk\/blog-sk\/#\/schema\/person\/deaf5dc145833c820c47741fef5d321e\",\n\t            \"name\": \"Petra Duongov\u00e1\",\n\t            \"image\": {\n\t                \"@type\": \"ImageObject\",\n\t                \"inLanguage\": \"sk-SK\",\n\t                \"@id\": \"https:\/\/www.rajapack.sk\/blog-sk\/#\/schema\/person\/image\/\",\n\t                \"url\": \"https:\/\/secure.gravatar.com\/avatar\/8d665ed1e747672d4bbdbb6640338389?s=96&d=mm&r=g\",\n\t                \"contentUrl\": \"https:\/\/secure.gravatar.com\/avatar\/8d665ed1e747672d4bbdbb6640338389?s=96&d=mm&r=g\",\n\t                \"caption\": \"Petra Duongov\u00e1\"\n\t            },\n\t            \"url\": \"https:\/\/www.rajapack.sk\/blog-sk\/author\/lenka\"\n\t        }\n\t    ]\n\t}<\/script>\n","yoast_head_json":{"title":"Letn\u00e1 sez\u00f3na v e-commerce: Pre\u010do univerz\u00e1lny obal nesta\u010d\u00ed? - Z\u00edskajte odborn\u00e9 tipy na logistiku a balenie | Rajapack","description":"Objavte, ako spr\u00e1vne bali\u0165 tovar v letnej sez\u00f3ne: od m\u00f3dy cez z\u00e1hradn\u00edctvo a\u017e po kozmetiku a elektroniku.","robots":{"index":"index","follow":"follow","max-snippet":"max-snippet:-1","max-image-preview":"max-image-preview:large","max-video-preview":"max-video-preview:-1"},"canonical":"https:\/\/www.rajapack.sk\/blog-sk\/letna-sezona-v-e-commerce-preco-univerzalny-obal-nestaci","og_locale":"sk_SK","og_type":"article","og_title":"Letn\u00e1 sez\u00f3na v e-commerce: Pre\u010do univerz\u00e1lny obal nesta\u010d\u00ed? - Z\u00edskajte odborn\u00e9 tipy na logistiku a balenie | Rajapack","og_description":"Objavte, ako spr\u00e1vne bali\u0165 tovar v letnej sez\u00f3ne: od m\u00f3dy cez z\u00e1hradn\u00edctvo a\u017e po kozmetiku a elektroniku.","og_url":"https:\/\/www.rajapack.sk\/blog-sk\/letna-sezona-v-e-commerce-preco-univerzalny-obal-nestaci","og_site_name":"Z\u00edskajte odborn\u00e9 tipy na logistiku a balenie | Rajapack","article_published_time":"2025-07-22T11:54:53+00:00","article_modified_time":"2025-07-23T08:20:02+00:00","og_image":[{"width":1472,"height":832,"url":"https:\/\/www.rajapack.sk\/blog-sk\/wp-content\/uploads\/Navrh-bez-nazvu-5.png","type":"image\/png"}],"author":"Petra Duongov\u00e1","twitter_card":"summary_large_image","twitter_misc":{"Autor":"Petra Duongov\u00e1","Predpokladan\u00fd \u010das \u010d\u00edtania":"11 min\u00fat"},"schema":{"@context":"https:\/\/schema.org","@graph":[{"@type":"WebPage","@id":"https:\/\/www.rajapack.sk\/blog-sk\/letna-sezona-v-e-commerce-preco-univerzalny-obal-nestaci","url":"https:\/\/www.rajapack.sk\/blog-sk\/letna-sezona-v-e-commerce-preco-univerzalny-obal-nestaci","name":"Letn\u00e1 sez\u00f3na v e-commerce: Pre\u010do univerz\u00e1lny obal nesta\u010d\u00ed? - Z\u00edskajte odborn\u00e9 tipy na logistiku a balenie | Rajapack","isPartOf":{"@id":"https:\/\/www.rajapack.sk\/blog-sk\/#website"},"primaryImageOfPage":{"@id":"https:\/\/www.rajapack.sk\/blog-sk\/letna-sezona-v-e-commerce-preco-univerzalny-obal-nestaci#primaryimage"},"image":{"@id":"https:\/\/www.rajapack.sk\/blog-sk\/letna-sezona-v-e-commerce-preco-univerzalny-obal-nestaci#primaryimage"},"thumbnailUrl":"https:\/\/www.rajapack.sk\/blog-sk\/wp-content\/uploads\/Navrh-bez-nazvu-5.png","datePublished":"2025-07-22T11:54:53+00:00","dateModified":"2025-07-23T08:20:02+00:00","author":{"@id":"https:\/\/www.rajapack.sk\/blog-sk\/#\/schema\/person\/deaf5dc145833c820c47741fef5d321e"},"description":"Objavte, ako spr\u00e1vne bali\u0165 tovar v letnej sez\u00f3ne: od m\u00f3dy cez z\u00e1hradn\u00edctvo a\u017e po kozmetiku a elektroniku.","inLanguage":"sk-SK","potentialAction":[{"@type":"ReadAction","target":["https:\/\/www.rajapack.sk\/blog-sk\/letna-sezona-v-e-commerce-preco-univerzalny-obal-nestaci"]}]},{"@type":"ImageObject","inLanguage":"sk-SK","@id":"https:\/\/www.rajapack.sk\/blog-sk\/letna-sezona-v-e-commerce-preco-univerzalny-obal-nestaci#primaryimage","url":"https:\/\/www.rajapack.sk\/blog-sk\/wp-content\/uploads\/Navrh-bez-nazvu-5.png","contentUrl":"https:\/\/www.rajapack.sk\/blog-sk\/wp-content\/uploads\/Navrh-bez-nazvu-5.png","width":1472,"height":832},{"@type":"WebSite","@id":"https:\/\/www.rajapack.sk\/blog-sk\/#website","url":"https:\/\/www.rajapack.sk\/blog-sk\/","name":"Z\u00edskajte odborn\u00e9 tipy na logistiku a balenie | Rajapack","description":"Pre\u010d\u00edtajte si najnov\u0161ie \u010dl\u00e1nky, tipy a triky oh\u013eadom balenia, logistiky a ekologick\u00fdch obalov na na\u0161om blogu. In\u0161pirujte sa!","potentialAction":[{"@type":"SearchAction","target":{"@type":"EntryPoint","urlTemplate":"https:\/\/www.rajapack.sk\/blog-sk\/?s={search_term_string}"},"query-input":"required name=search_term_string"}],"inLanguage":"sk-SK"},{"@type":"Person","@id":"https:\/\/www.rajapack.sk\/blog-sk\/#\/schema\/person\/deaf5dc145833c820c47741fef5d321e","name":"Petra Duongov\u00e1","image":{"@type":"ImageObject","inLanguage":"sk-SK","@id":"https:\/\/www.rajapack.sk\/blog-sk\/#\/schema\/person\/image\/","url":"https:\/\/secure.gravatar.com\/avatar\/8d665ed1e747672d4bbdbb6640338389?s=96&d=mm&r=g","contentUrl":"https:\/\/secure.gravatar.com\/avatar\/8d665ed1e747672d4bbdbb6640338389?s=96&d=mm&r=g","caption":"Petra Duongov\u00e1"},"url":"https:\/\/www.rajapack.sk\/blog-sk\/author\/lenka"}]}},"_links":{"self":[{"href":"https:\/\/www.rajapack.sk\/blog-sk\/wp-json\/wp\/v2\/posts\/2028"}],"collection":[{"href":"https:\/\/www.rajapack.sk\/blog-sk\/wp-json\/wp\/v2\/posts"}],"about":[{"href":"https:\/\/www.rajapack.sk\/blog-sk\/wp-json\/wp\/v2\/types\/post"}],"author":[{"embeddable":true,"href":"https:\/\/www.rajapack.sk\/blog-sk\/wp-json\/wp\/v2\/users\/68"}],"replies":[{"embeddable":true,"href":"https:\/\/www.rajapack.sk\/blog-sk\/wp-json\/wp\/v2\/comments?post=2028"}],"version-history":[{"count":6,"href":"https:\/\/www.rajapack.sk\/blog-sk\/wp-json\/wp\/v2\/posts\/2028\/revisions"}],"predecessor-version":[{"id":2041,"href":"https:\/\/www.rajapack.sk\/blog-sk\/wp-json\/wp\/v2\/posts\/2028\/revisions\/2041"}],"wp:featuredmedia":[{"embeddable":true,"href":"https:\/\/www.rajapack.sk\/blog-sk\/wp-json\/wp\/v2\/media\/2029"}],"wp:attachment":[{"href":"https:\/\/www.rajapack.sk\/blog-sk\/wp-json\/wp\/v2\/media?parent=2028"}],"wp:term":[{"taxonomy":"category","embeddable":true,"href":"https:\/\/www.rajapack.sk\/blog-sk\/wp-json\/wp\/v2\/categories?post=2028"},{"taxonomy":"post_tag","embeddable":true,"href":"https:\/\/www.rajapack.sk\/blog-sk\/wp-json\/wp\/v2\/tags?post=2028"}],"curies":[{"name":"wp","href":"https:\/\/api.w.org\/{rel}","templated":true}]}}